{"id":11073,"date":"2017-02-27T00:11:21","date_gmt":"2017-02-26T23:11:21","guid":{"rendered":"http:\/\/www.exploring-beyond.com\/?p=11073"},"modified":"2017-02-27T00:11:21","modified_gmt":"2017-02-26T23:11:21","slug":"article-57-tdm-une-decision-a-prendre","status":"publish","type":"post","link":"https:\/\/exploring-beyond.com\/?p=11073","title":{"rendered":"Article #57 Tdm : Une d\u00e9cision \u00e0 prendre"},"content":{"rendered":"<p class=\"spip\" style=\"text-align: justify;\" align=\"justify\">R\u00e9sum\u00e9 de la situation actuelle\u00a0:<\/p>\n<p class=\"spip\" style=\"text-align: justify;\" align=\"justify\">\n<p class=\"spip\" style=\"text-align: justify;\" align=\"justify\">Comme expliqu\u00e9 dans une pr\u00e9cedente br\u00e8ve, le bateau \u00ab\u00a0le Balou\u00a0\u00bb m\u2019a laiss\u00e9 en plan sur l\u2019\u00eele de Tenerife dans les Canaries ne souhaitant plus descendre sur le Br\u00e9sil \u00e0 cause de probl\u00e8mes de couple. Depuis vendredi, je suis donc de retour dans la ville de Las Palmas sur l\u2019\u00eele de Gran Canaria. Lors des 3 derniers jours, j\u2019ai pass\u00e9 l\u2019essentiel de mon temps \u00e0 aller voir tous les voiliers susceptibles de partir vers le Br\u00e9sil afin de leur demander un par un leur destination et de savoir si ils connaissaient quelqu\u2019un descendant sur l\u2019Am\u00e9rique latine. Les r\u00e9ponses furent toutes quasi-identiques \u00ab\u00a0Non, d\u00e9sol\u00e9, je retourne en Europe, les d\u00e9parts pour l\u2019Am\u00e9rique latine se font entre fin octobre et f\u00e9vrier. Pour les cara\u00eebes, n\u2019y pense m\u00eame pas, nous arrivons dans la p\u00e9riode des ouragans et seul un fou tenterait d\u2019y aller en cette saison\u00a0\u00bb. Des dizaines de r\u00e9ponses similaires sauf 3\u00a0:<\/p>\n<p class=\"spip\" style=\"text-align: justify;\" align=\"justify\">\n<p class=\"spip\" style=\"text-align: justify;\" align=\"justify\">&#8211;\u00a0Un yacht avec 4 personnes (2 anglais et 2 Cor\u00e9ennes) \u00e0 bord qui m\u2019ont dit \u00ab\u00a0Nous allons partir sur le Br\u00e9sil mais nous sommes pleins, il n\u2019y a plus de place pour une autre personne, d\u00e9sol\u00e9\u00a0\u00bb. Ces 4 personnes sont tr\u00e8s sympas, j\u2019ai pass\u00e9 une soir\u00e9e enti\u00e8re avec eux, je leur ai propos\u00e9 d\u2019\u00eatre responsable des \u00ab\u00a0cars\u00a0\u00bb (je ne sais pas comment cela s\u2019\u00e9crit), c\u2019est \u00e0 dire de veiller toute la nuit qu\u2019aucun autre bateau ne vienne sur notre route et ainsi dormir le jour dans mon sac de couchage par terre dans une chambre (en g\u00e9n\u00e9ral, les gens se relaient toutes les 3 ou 4 heures pour surveiller qu\u2019aucun bateau n\u2019arrive sur notre chemin)&#8230;J\u2019attends la r\u00e9ponse mais suis tr\u00e8s pessimiste sur ce coup.<\/p>\n<p class=\"spip\" style=\"text-align: justify;\" align=\"justify\">\n<p class=\"spip\" style=\"text-align: justify;\" align=\"justify\">&#8211;\u00a0Un Lituanien pr\u00e9nomm\u00e9 Audrus que j\u2019avais d\u00e9j\u00e0 vu il y a 3 semaines qui me dit \u00ab\u00a0je pars toujours au Br\u00e9sil, je peux t\u2019emmener il n\u2019y a pas de probl\u00e8me. Cependant, je ne quitterai Las Palmas que dans environ 4 \u00e0 5 semaines et mon bateau \u00e9tant petit, la travers\u00e9e durera environ 50 jours, nous ne serons au Br\u00e9sil qu\u2019au mois de juillet\u00a0\u00bb<\/p>\n<p class=\"spip\" style=\"text-align: justify;\" align=\"justify\">\n<p class=\"spip\" style=\"text-align: justify;\" align=\"justify\">&#8211;\u00a0\u00a0Un fran\u00e7ais tr\u00e8s sympa d\u2019une soixantaine d\u2019ann\u00e9es pr\u00e9nomm\u00e9 Robert qui me dit \u00ab\u00a0Je pars jeudi au Cap-vert, je peux t\u2019emmener si tu veux mais je ne vais pas plus loin, je m\u2019arr\u00eaterai sur l\u2019\u00eele de Sal (pas la meilleure \u00eele pour faire du bateau-stop), \u00e0 toi de voir si \u00e7a t\u2019int\u00e9resse\u00a0\u00bb<\/p>\n<p class=\"spip\" style=\"text-align: justify;\" align=\"justify\">\n<p class=\"spip\" style=\"text-align: justify;\" align=\"justify\">Voil\u00e0 o\u00fa j\u2019en suis actuellement. La d\u00e9cision que je pense prendre mais j\u2019h\u00e9site encore un peu est la suivante\u00a0: descendre avec Robert sur le Cap-vert et tenter ma chance de l\u00e0-bas. Audrus, le Lituanien, s\u2019arr\u00eatera au Cap-vert et pourra me prendre de l\u00e0-bas si je n\u2019ai trouv\u00e9 personne d\u2019ici-l\u00e0 ce qui est une solution de repli int\u00e9ressante.<\/p>\n<p class=\"spip\" style=\"text-align: justify;\" align=\"justify\">\n<p class=\"spip\" style=\"text-align: justify;\" align=\"justify\">Les avantages de cette solution sont\u00a0:<\/p>\n<p class=\"spip\" style=\"text-align: justify;\" align=\"justify\">\n<p class=\"spip\" style=\"text-align: justify;\" align=\"justify\">&#8211;\u00a0\u00a0de nouvelles possibilit\u00e9s en perspective,<\/p>\n<p class=\"spip\" style=\"text-align: justify;\" align=\"justify\">&#8211;\u00a0\u00a0un environnement bien plus d\u00e9paysant que les Canaries (car entre nous, je ne fais pas un tour du monde pour continuer \u00e0 utiliser l\u2019Euro comme monnaie, voir des Mc Do partout et vivre dans une ville hyper-moderne)<\/p>\n<p class=\"spip\" style=\"text-align: justify;\" align=\"justify\">&#8211;\u00a0\u00a0un co\u00fbt de la vie bien moins cher qu\u2019ici (non n\u00e9gligable quand on a un budget limit\u00e9 comme le mien).<\/p>\n<p class=\"spip\" style=\"text-align: justify;\" align=\"justify\">Les inconv\u00e9nients sont\u00a0:<\/p>\n<p class=\"spip\" style=\"text-align: justify;\" align=\"justify\">&#8211;\u00a0\u00a0abandonner la possibilit\u00e9 des bateaux de marchandises que je gardais sous le coude malgr\u00e9 mes difficult\u00e9s \u00e0 Dakar, aucun cargo \u00e0 ma connaissance ne fait le trajet Cap-vert &#8211; Br\u00e9sil,<\/p>\n<p class=\"spip\" style=\"text-align: justify;\" align=\"justify\">&#8211;\u00a0\u00a0ne pas \u00eatre pr\u00e9sent au d\u00e9part du bateau de Audrus (Le Lituanien) laissant ainsi la possibilit\u00e9 qu\u2019il ne s\u2019arr\u00eate finalement pas au Cap-vert (j\u2019ai tout de m\u00eame son adresse e-mail) et ainsi rester plant\u00e9 pendant bien longtemps sur l\u2019\u00eele (la bonne saison pour les d\u00e9parts reprendra en octobre).<\/p>\n<p class=\"spip\" style=\"text-align: justify;\" align=\"justify\">\n<p class=\"spip\" style=\"text-align: justify;\" align=\"justify\">Je dois donner ma r\u00e9ponse \u00e0 Robert le fran\u00e7ais descendant sur le Cap-vert mercredi. Ce soir, je pense que j\u2019aurai la r\u00e9ponse d\u00e9finitive des Anglais et je prendrai alors ma d\u00e9cision mais entre nous, je pense opter pour une descente sur le Cap-vert.<\/p>\n<p class=\"spip\" style=\"text-align: justify;\" align=\"justify\">\n<p class=\"spip\" style=\"text-align: justify;\" align=\"justify\">Si vous avez des suggestions ou conseils, je suis preneur.<\/p>\n<p class=\"spip\" style=\"text-align: justify;\" align=\"justify\">\n<p class=\"spip\" style=\"text-align: justify;\" align=\"justify\">Affaire \u00e0 suivre.<\/p>\n","protected":false},"excerpt":{"rendered":"<p>R\u00e9sum\u00e9 de la situation actuelle\u00a0: Comme expliqu\u00e9 dans une pr\u00e9cedente br\u00e8ve, le bateau \u00ab\u00a0le Balou\u00a0\u00bb m\u2019a laiss\u00e9 en plan sur l\u2019\u00eele de Tenerife dans les Canaries ne souhaitant plus descendre sur le Br\u00e9sil \u00e0 cause de probl\u00e8mes de couple. Depuis vendredi, je suis donc de retour dans la ville de Las Palmas sur l\u2019\u00eele de [&hellip;]<\/p>\n","protected":false},"author":1,"featured_media":7616,"comment_status":"open","ping_status":"open","sticky":false,"template":"","format":"standard","meta":{"footnotes":""},"categories":[187,186,89,125],"tags":[],"class_list":["post-11073","post","type-post","status-publish","format-standard","has-post-thumbnail","hentry","category-atlantique","category-oceans","category-tourdumondeenstop","category-tous-les-articles-tourdumonde"],"_links":{"self":[{"href":"https:\/\/exploring-beyond.com\/index.php?rest_route=\/wp\/v2\/posts\/11073","targetHints":{"allow":["GET"]}}],"collection":[{"href":"https:\/\/exploring-beyond.com\/index.php?rest_route=\/wp\/v2\/posts"}],"about":[{"href":"https:\/\/exploring-beyond.com\/index.php?rest_route=\/wp\/v2\/types\/post"}],"author":[{"embeddable":true,"href":"https:\/\/exploring-beyond.com\/index.php?rest_route=\/wp\/v2\/users\/1"}],"replies":[{"embeddable":true,"href":"https:\/\/exploring-beyond.com\/index.php?rest_route=%2Fwp%2Fv2%2Fcomments&post=11073"}],"version-history":[{"count":1,"href":"https:\/\/exploring-beyond.com\/index.php?rest_route=\/wp\/v2\/posts\/11073\/revisions"}],"predecessor-version":[{"id":11074,"href":"https:\/\/exploring-beyond.com\/index.php?rest_route=\/wp\/v2\/posts\/11073\/revisions\/11074"}],"wp:featuredmedia":[{"embeddable":true,"href":"https:\/\/exploring-beyond.com\/index.php?rest_route=\/wp\/v2\/media\/7616"}],"wp:attachment":[{"href":"https:\/\/exploring-beyond.com\/index.php?rest_route=%2Fwp%2Fv2%2Fmedia&parent=11073"}],"wp:term":[{"taxonomy":"category","embeddable":true,"href":"https:\/\/exploring-beyond.com\/index.php?rest_route=%2Fwp%2Fv2%2Fcategories&post=11073"},{"taxonomy":"post_tag","embeddable":true,"href":"https:\/\/exploring-beyond.com\/index.php?rest_route=%2Fwp%2Fv2%2Ftags&post=11073"}],"curies":[{"name":"wp","href":"https:\/\/api.w.org\/{rel}","templated":true}]}}