{"id":10957,"date":"2017-02-26T17:07:54","date_gmt":"2017-02-26T16:07:54","guid":{"rendered":"http:\/\/www.exploring-beyond.com\/?p=10957"},"modified":"2019-05-23T23:55:08","modified_gmt":"2019-05-23T21:55:08","slug":"article-105-tdm-1000-kms-auto-stop-en-colombie","status":"publish","type":"post","link":"https:\/\/exploring-beyond.com\/?p=10957","title":{"rendered":"Article #105 Tdm : 1000 Kms d&rsquo;auto-stop en Colombie"},"content":{"rendered":"<p class=\"spip\" style=\"text-align: justify;\" align=\"justify\">Vendredi 12 mars 2004, Quito, Equateur. \u00c7a y est, apr\u00e8s 1 mois pass\u00e9 dans ce joli petit pays qu\u2019est l\u2019Equateur, je ressors mon pouce favori et me pr\u00e9pare \u00e0 partir pour plus de 1000 Kms d\u2019auto-stop en direction de la Colombie.<\/p>\n<p class=\"spip\" style=\"text-align: justify;\" align=\"justify\">La premi\u00e8re \u00e9tape consiste \u00e0 parcourir les 300 Kms qui s\u00e9parent Quito, capitale Equatorienne, de la fronti\u00e8re Colombienne. De station essence \u00e0 station essence, je rejoins la ville de Tulc\u00e0n, ville frontali\u00e8re peu int\u00e9ressante, sans v\u00e9ritable difficult\u00e9. Les choses s\u00e9rieuses doivent commencer le lendemain avec pour commencer le passage de la frontiere Colombienne&#8230;<\/p>\n<p class=\"spip\" style=\"text-align: justify;\" align=\"justify\">La solitude de l\u2019auto-stoppeur<\/p>\n<p class=\"spip\" style=\"text-align: justify;\" align=\"justify\"><img decoding=\"async\" src=\"http:\/\/www.exploring-beyond.com\/wp-content\/uploads\/2017\/02\/ludostation.jpg\" alt=\"\" align=\"middle\" \/><\/p>\n<p class=\"spip\" style=\"text-align: justify;\" align=\"justify\">Lev\u00e9 de bon matin, je me pr\u00e9pare pour une journ\u00e9e difficile. Cette journ\u00e9e doit non seulement me faire passer la fronti\u00e8re mais surtout la route Pasto-Popayan \u00e0 la mauvaise r\u00e9putation car contr\u00f4l\u00e9e par la gu\u00e9rilla. \u00ab\u00a0Si tu passes par ce chemin, vas-y de jour, les risques sont fortement diminu\u00e9s, ne t\u2019amuses pas \u00e0 faire du stop de nuit dans ces coins dangereux\u00a0\u00bb me disait avant de partir une connaissance Colombienne. Message bien re\u00e7u mais je ne comptais de toute fa\u00e7on pas faire de stop la nuit en Colombie.<\/p>\n<p class=\"spip\" style=\"text-align: justify;\" align=\"justify\">D\u00e8s 9 heures du matin, j\u2019arrive \u00e0 la fronti\u00e8re. Premi\u00e8re surprise, passer la fronti\u00e8re se fit, \u00e0 l\u2019image des autres en Am\u00e9rique du Sud, sans le moindre souci, un coup de tampon et hop, me voil\u00e0 en Colombie.<\/p>\n<p class=\"spip\" style=\"text-align: justify;\" align=\"justify\">La fronti\u00e8re pass\u00e9e, je me dirige alors vers les v\u00e9hicules partant vers la Colombie. Rapidement, je m\u2019aper\u00e7ois que 95% des v\u00e9hicules ne sont que des frontaliers faisant leur shopping \u00e0 Ipiales (ville frontali\u00e8re Colombienne) car le co\u00fbt de la vie en Colombie est bien moindre de celui de l\u2019Equateur (qui est le pays le plus cher d\u2019Am\u00e9rique du Sud depuis la dollarisation en 1999). Les 5% restants partent vers le nord mais assez rares sont ceux qui vont jusqu\u2019\u00e0 Cali, ville situ\u00e9e tout de m\u00eame \u00e0 8 heures de route au nord de la fronti\u00e8re. \u00ab\u00a0Je vais \u00e0 Rosas, je peux t\u2019emmener si tu le souhaites, \u00e7a t\u2019avancera de plus de 300 Kms\u00a0\u00bb me dit un conducteur sympathique. En temps normal, une telle proposition aurait \u00e9t\u00e9 accept\u00e9e avec joie mais voil\u00e0 Rosas se trouve au beau milieu de la route Pasto-Popayan contr\u00f4l\u00e9e par la gu\u00e9rilla et je refuse de me retrouver seul en position d\u2019auto-stoppeur dans ces contr\u00e9es trop risqu\u00e9es, je pr\u00e9f\u00e8re attendre un peu plus et trouver un conducteur me permettant de traverser d\u2019un seul coup ce tron\u00e7on et ainsi me rapprocher de Cali&#8230;et la suite me donnera raison&#8230;<\/p>\n<p class=\"spip\" style=\"text-align: justify;\" align=\"justify\">10h30, samedi 13 mars. Toujours \u00e0 la fronti\u00e8re, je cherche la voiture ou le camion qui pourrait me permettre de rejoindre la troisi\u00e8me plus grande ville de Colombie qu\u2019est Cali (voir carte ci-dessous pour situer) et ainsi traverser d\u2019un coup les zones risqu\u00e9es. Une voiture immatricul\u00e9e \u00e0 Bucamaranga (ville du nord-Est de la Colombie) s\u2019approche \u00e0 vitesse tr\u00e8s r\u00e9duite, je l\u2019arr\u00eate et lui demande \u00ab\u00a0<i class=\"spip\">Buenos dias se\u00f1or, mi nombre es Ludovic, soy franc\u00e8s, estoy dando una vuelta al mundo tirando dedo y quisiera llegar a Cali, va usted en esa direcci\u00f3n ?\u00a0\u00bb<\/i> Quelques secondes plus tard, me voil\u00e0 embarqu\u00e9 dans la voiture de Germ\u00e1n, petit chef d\u2019entreprise remontant jusqu\u2019\u00e0 Bucamaranga et me proposant de m\u2019emmener jusqu\u2019\u00e0 Cali, voire m\u00eame un peu plus loin.<\/p>\n<p class=\"spip\" style=\"text-align: justify;\" align=\"justify\"><img decoding=\"async\" src=\"http:\/\/www.exploring-beyond.com\/wp-content\/uploads\/2017\/02\/colombie.jpg\" alt=\"\" align=\"middle\" \/><\/p>\n<p class=\"spip\" style=\"text-align: justify;\" align=\"justify\">Je lui demande alors son point de vue sur cette route tant redout\u00e9e Pasto-Popayan \u00ab\u00a0<i class=\"spip\">Tu sais, j\u2019ai l\u2019habitude de faire ce trajet, je le fais r\u00e9guli\u00e8rement, c\u2019est effectivement risqu\u00e9 mais je passe toujours de jour, les risques sont bien moindres et je n\u2019ai jamais eu de probl\u00e8me, pourvu que \u00e7a dure<\/i>\u00a0\u00bb me dit-il sereinement. Une centaine de kilom\u00e8tres plus loin, une grande pancarte indique \u00ab\u00a0<i class=\"spip\">Bienvenidos a Pasto<\/i>\u00ab\u00a0, c\u2019est alors le d\u00e9but d\u2019une zone que je souhaite passer le plus rapidement possible. Germ\u00e1n me raconte alors \u00ab\u00a0<i class=\"spip\">la zone critique est un peu plus loin, dans les montagnes, il faut la passer \u00e0 certaines heures, celles du jour, passer la nuit est bien trop risqu\u00e9, les gu\u00e9rilleros travaillent \u00e0 partir du coucher du soleil en g\u00e9n\u00e9ral, nous n\u2019aurons pas de souci<\/i>\u00ab\u00a0. Les kilom\u00e8tres s\u2019encha\u00eenent alors et rentrons dans les montagnes, Germ\u00e1n explique \u00ab\u00a0<i class=\"spip\">si jamais nous devions \u00eatre arr\u00eat\u00e9s, ne dis pas un mot, ils remarqueraient que tu es \u00e9tranger et ils aiment les \u00e9trangers si tu vois ce que je veux dire<\/i>\u00ab\u00a0&#8230;\u00a0\u00bb<i class=\"spip\">Mais comment proc\u00e8dent-ils<\/i> ?\u00a0\u00bb je lui demande alors. Germ\u00e1n r\u00e9pond \u00ab\u00a0<i class=\"spip\">En g\u00e9n\u00e9ral, ils se mettent derri\u00e8re un de ces nombreux zig-zag (voir photo ci-dessous) de fa\u00e7on \u00e0 ce que l\u2019on ne les voit pas, notre vitesse est alors tr\u00e8s faible car la route ne permet pas d\u2019aller vite et, arm\u00e9s, \u00e0 3 ou 4, ils demandent l\u2019arr\u00eat du v\u00e9hicule&#8230;\u00a0\u00bb<\/i><\/p>\n<p class=\"spip\" style=\"text-align: justify;\" align=\"justify\">2 des nombreux zig-zags dont fait allusion Germ\u00e1n, les guerilleros semble t-il aiment se cacher derri\u00e8re&#8230;<\/p>\n<p class=\"spip\" style=\"text-align: justify;\" align=\"justify\"><img decoding=\"async\" src=\"http:\/\/www.exploring-beyond.com\/wp-content\/uploads\/2017\/02\/zigzag.jpg\" alt=\"\" align=\"middle\" \/><\/p>\n<p class=\"spip\" style=\"text-align: justify;\" align=\"justify\"><img decoding=\"async\" src=\"http:\/\/www.exploring-beyond.com\/wp-content\/uploads\/2017\/02\/zigzag2.jpg\" alt=\"\" align=\"middle\" \/><\/p>\n<p class=\"spip\" style=\"text-align: justify;\" align=\"justify\">Germ\u00e1n continue \u00ab\u00a0<i class=\"spip\">Appuyer sur l\u2019acc\u00e9lerateur \u00e0 ce moment peut sembler tentant mais ces gens-l\u00e0 n\u2019h\u00e9sitent pas \u00e0 tirer et ne ratent en g\u00e9n\u00e9ral pas leur cible&#8230;Quand tu es arr\u00eat\u00e9, si tu as de la chance, ils te volent tout ce que tu as, si tu n\u2019as pas de chance, ils te kidnappent, si tu n\u2019as vraiment pas de chance, ils te tuent<\/i>\u00ab\u00a0&#8230;Sur ces paroles des plus rassurantes mais que je savais d\u00e9j\u00e0 (un passage en Colombie, \u00e7a se pr\u00e9pare&#8230;), nous traversons sans probl\u00e8me cette route qui, par ailleurs, est absolument superbe car au milieu des montagnes de la Cordill\u00e8re des Andes (voir photos ci-dessous)&#8230;<\/p>\n<p class=\"spip\" style=\"text-align: justify;\" align=\"justify\"><img decoding=\"async\" src=\"http:\/\/www.exploring-beyond.com\/wp-content\/uploads\/2017\/02\/montagnescolombiennes.jpg\" alt=\"\" align=\"middle\" \/><\/p>\n<p class=\"spip\" style=\"text-align: justify;\" align=\"justify\"><img decoding=\"async\" src=\"http:\/\/www.exploring-beyond.com\/wp-content\/uploads\/2017\/02\/montagnescolombiennes2.jpg\" alt=\"\" align=\"middle\" \/><\/p>\n<p class=\"spip\" style=\"text-align: justify;\" align=\"justify\">Mais o\u00f9 vivent ces guerilleros ? \u00ab\u00a0<i class=\"spip\">Parfois dans des cabanes dans la montagne, parfois dans ces petits villages que nous traversons r\u00e9guli\u00e8rement. Durant la journ\u00e9e, le gu\u00e9rillero est un homme comme les autres qui va au march\u00e9 faire ses achats et le soir, il enfile ses bottes et ses habits et va voler. Ici c\u2019est la guerre du silence, les gens savent mais ne parlent pas, le risque est trop grand<\/i>\u00a0\u00bb explique Germ\u00e1n. \u00ab\u00a0<i class=\"spip\">Leur objectif ? Il y a quelques ann\u00e9es, les gu\u00e9rilleros avaient une id\u00e9ologie mais ils ont vite compris qu\u2019obtenir le pouvoir \u00e9tait impossible pour eux, tout ce qu\u2019ils souhaitent maintenant, c\u2019est de l\u2019argent<\/i>\u00ab\u00a0.<\/p>\n<p class=\"spip\" style=\"text-align: justify;\" align=\"justify\">Une photo ci-dessous prise discr\u00e8tement dans un des villages cit\u00e9s, peut-\u00eatre certaines personnes sur la photo se transforment en gu\u00e9rilleros d\u00e8s le coucher du soleil&#8230;<\/p>\n<p class=\"spip\" style=\"text-align: justify;\" align=\"justify\"><img decoding=\"async\" src=\"http:\/\/www.exploring-beyond.com\/wp-content\/uploads\/2017\/02\/villagecolombie.jpg\" alt=\"\" align=\"middle\" \/><\/p>\n<p class=\"spip\" style=\"text-align: justify;\" align=\"justify\">\u00ab\u00a0<i class=\"spip\">Les zones \u00e0 risque sont bien identifi\u00e9es<\/i>\u00a0\u00bb raconte Germ\u00e1n, \u00ab\u00a0<i class=\"spip\">Les Colombiens savent o\u00f9 il ne faut pas aller, les gu\u00e9rilleros ne sont en g\u00e9n\u00e9ral jamais sur les axes majeurs de circulation ou dans les grandes villes, ce serait bien trop risqu\u00e9 pour eux<\/i>\u00ab\u00a0. Et pour cause, les militaires, les vrais, sont tr\u00e8s pr\u00e9sents en Colombie, ils donnent m\u00eame l\u2019impression d\u2019\u00eatre partout. Un exemple, lors de mon trajet jusqu\u2019\u00e0 Medellin, ville dans laquelle je me trouve actuellement, j\u2019ai \u00e9t\u00e9 arr\u00eat\u00e9 une bonne dizaine de fois et fouill\u00e9 4 fois (voir photo ci-dessous prise pr\u00e8s de Medellin alors que j\u2019\u00e9tais pris en stop par un groupe de p\u00e9lerins). Le tout se fait dans une ambiance d\u00e9contract\u00e9e, les militaires \u00e9tant en g\u00e9n\u00e9ral tr\u00e8s sympathiques.<\/p>\n<p class=\"spip\" style=\"text-align: justify;\" align=\"justify\"><img decoding=\"async\" src=\"http:\/\/www.exploring-beyond.com\/wp-content\/uploads\/2017\/02\/fouille.jpg\" alt=\"\" align=\"middle\" \/><\/p>\n<p class=\"spip\" style=\"text-align: justify;\" align=\"justify\">Une petite cabane de militaires dans la montagne&#8230;<\/p>\n<p class=\"spip\" style=\"text-align: justify;\" align=\"justify\"><img decoding=\"async\" src=\"http:\/\/www.exploring-beyond.com\/wp-content\/uploads\/2017\/02\/cabanemilitaires.jpg\" alt=\"\" align=\"middle\" \/><\/p>\n<p class=\"spip\" style=\"text-align: justify;\" align=\"justify\">2 militaires marchant tranquillement, les militaires sont tr\u00e8s pr\u00e9sents&#8230;<\/p>\n<p class=\"spip\" style=\"text-align: justify;\" align=\"justify\"><img decoding=\"async\" src=\"http:\/\/www.exploring-beyond.com\/wp-content\/uploads\/2017\/02\/militaires.JPG\" alt=\"\" align=\"middle\" \/><\/p>\n<p class=\"spip\" style=\"text-align: justify;\" align=\"justify\">Ce policier rencontr\u00e9 pr\u00e8s de la ville de Pereira qui m\u2019a aid\u00e9 \u00e0 trouver une voiture confirme \u00ab\u00a0<i class=\"spip\">Les gu\u00e9rilleros op\u00e8rent la haut dans les montagnes, ici nous n\u2019avons aucun souci, merci mon Dieu, je n\u2019en ai jamais rencontr\u00e9. Le principal probl\u00e8me que nous avons sont les petits voleurs de rue mais ceux-l\u00e0 existent dans les grandes villes du monde entier<\/i>\u00ab\u00a0.<\/p>\n<p class=\"spip\" style=\"text-align: justify;\" align=\"justify\"><img decoding=\"async\" src=\"http:\/\/www.exploring-beyond.com\/wp-content\/uploads\/2017\/02\/police.jpg\" alt=\"\" align=\"middle\" \/><\/p>\n<p class=\"spip\" style=\"text-align: justify;\" align=\"justify\">Ainsi, j\u2019ai pris les pr\u00e9cautions n\u00e9cessaires (jamais de stop la nuit, jamais le pouce tendu au bord de la route mais utilisation de la technique de la station essence voire demande d\u2019aide aux policiers) pour \u00e9viter les probl\u00e8mes lors de ce passage d\u00e9licat et suis arriv\u00e9 apr\u00e8s 3 jours de stop dans la grande ville de Medellin sans difficult\u00e9 majeure, les Colombiens \u00e9tant par ailleurs des gens adorables.<\/p>\n<p class=\"spip\" style=\"text-align: justify;\" align=\"justify\">Je pense rester environ 5 jours ici \u00e0 Medellin, ville r\u00e9put\u00e9e dangereuse et connue pour son ex-cartel d\u00e9mantel\u00e9 il y a quelques ann\u00e9es qui avait \u00e0 sa t\u00eate le fameux Pablo Escobar tu\u00e9 en 1993. Je vous donnerai mon point de vue sur cette ville dans quelques jours&#8230;<\/p>\n<p class=\"spip\" style=\"text-align: justify;\" align=\"justify\">Avant de vous quitter, 2 jolies photos de la ville de Popay\u00e1n, ville qui a su pr\u00e9server une superbe architecture coloniale :<\/p>\n<p class=\"spip\" style=\"text-align: justify;\" align=\"justify\"><img decoding=\"async\" src=\"http:\/\/www.exploring-beyond.com\/wp-content\/uploads\/2017\/02\/popayan.jpg\" alt=\"\" align=\"middle\" \/><\/p>\n<p class=\"spip\" style=\"text-align: justify;\" align=\"justify\"><img decoding=\"async\" src=\"http:\/\/www.exploring-beyond.com\/wp-content\/uploads\/2017\/02\/popayan2.jpg\" alt=\"\" align=\"middle\" \/><\/p>\n<p class=\"spip\" style=\"text-align: justify;\" align=\"justify\">A bient\u00f4t.<\/p>\n","protected":false},"excerpt":{"rendered":"<p>Vendredi 12 mars 2004, Quito, Equateur. \u00c7a y est, apr\u00e8s 1 mois pass\u00e9 dans ce joli petit pays qu\u2019est l\u2019Equateur, je ressors mon pouce favori et me pr\u00e9pare \u00e0 partir pour plus de 1000 Kms d\u2019auto-stop en direction de la Colombie. La premi\u00e8re \u00e9tape consiste \u00e0 parcourir les 300 Kms qui s\u00e9parent Quito, capitale Equatorienne, [&hellip;]<\/p>\n","protected":false},"author":1,"featured_media":8168,"comment_status":"open","ping_status":"open","sticky":false,"template":"","format":"standard","meta":{"footnotes":""},"categories":[129,176,89,125],"tags":[],"class_list":["post-10957","post","type-post","status-publish","format-standard","has-post-thumbnail","hentry","category-amerique","category-colombie","category-tourdumondeenstop","category-tous-les-articles-tourdumonde"],"_links":{"self":[{"href":"https:\/\/exploring-beyond.com\/index.php?rest_route=\/wp\/v2\/posts\/10957","targetHints":{"allow":["GET"]}}],"collection":[{"href":"https:\/\/exploring-beyond.com\/index.php?rest_route=\/wp\/v2\/posts"}],"about":[{"href":"https:\/\/exploring-beyond.com\/index.php?rest_route=\/wp\/v2\/types\/post"}],"author":[{"embeddable":true,"href":"https:\/\/exploring-beyond.com\/index.php?rest_route=\/wp\/v2\/users\/1"}],"replies":[{"embeddable":true,"href":"https:\/\/exploring-beyond.com\/index.php?rest_route=%2Fwp%2Fv2%2Fcomments&post=10957"}],"version-history":[{"count":2,"href":"https:\/\/exploring-beyond.com\/index.php?rest_route=\/wp\/v2\/posts\/10957\/revisions"}],"predecessor-version":[{"id":12970,"href":"https:\/\/exploring-beyond.com\/index.php?rest_route=\/wp\/v2\/posts\/10957\/revisions\/12970"}],"wp:featuredmedia":[{"embeddable":true,"href":"https:\/\/exploring-beyond.com\/index.php?rest_route=\/wp\/v2\/media\/8168"}],"wp:attachment":[{"href":"https:\/\/exploring-beyond.com\/index.php?rest_route=%2Fwp%2Fv2%2Fmedia&parent=10957"}],"wp:term":[{"taxonomy":"category","embeddable":true,"href":"https:\/\/exploring-beyond.com\/index.php?rest_route=%2Fwp%2Fv2%2Fcategories&post=10957"},{"taxonomy":"post_tag","embeddable":true,"href":"https:\/\/exploring-beyond.com\/index.php?rest_route=%2Fwp%2Fv2%2Ftags&post=10957"}],"curies":[{"name":"wp","href":"https:\/\/api.w.org\/{rel}","templated":true}]}}