{"id":10860,"date":"2017-02-26T14:31:53","date_gmt":"2017-02-26T13:31:53","guid":{"rendered":"http:\/\/www.exploring-beyond.com\/?p=10860"},"modified":"2017-06-03T23:38:26","modified_gmt":"2017-06-03T21:38:26","slug":"article-146-tdm-1ere-journee-de-rencontre-entre-ong-a-san-salvador","status":"publish","type":"post","link":"https:\/\/exploring-beyond.com\/?p=10860","title":{"rendered":"Article #146 Tdm : 1\u00e8re journ\u00e9e de rencontre entre ONG \u00e0 San Salvador"},"content":{"rendered":"<p class=\"spip\" style=\"text-align: justify;\" align=\"justify\">\u00ab\u00a0<i class=\"spip\">L\u2019\u00e9motion est la porte de la conscience<\/i>\u00ab\u00a0. Cette phrase, que j\u2019ai souvent entendue depuis le d\u00e9but de mon aventure, est \u00e9clatante de v\u00e9rit\u00e9. Je ne vais pas le cacher, les probl\u00e8mes humanitaires du monde ne me pr\u00e9occupaient que peu avant le d\u00e9but de mon aventure, pas par \u00e9go\u00efsme mais tout simplement par ignorance et par un manque de sensibilisation. Voir la mis\u00e8re \u00e0 la t\u00e9l\u00e9vision et la voir sous ses yeux aux quatre coins du monde sont deux choses bien diff\u00e9rentes. La prise de conscience am\u00e8ne non seulement \u00e0 la r\u00e9flexion profonde, mais surtout \u00e0 l\u2019action.<\/p>\n<p class=\"spip\" style=\"text-align: justify;\" align=\"justify\">Etant persuad\u00e9 que chacun de nous, membres des pays d\u00e9velopp\u00e9s -mais aussi les personnes \u00e9duqu\u00e9es des pays en voie de d\u00e9veloppement- a un r\u00f4le \u00e0 jouer afin de rendre notre monde meilleur, j\u2019ai d\u00e9cid\u00e9 d\u2019apporter ma modeste pierre \u00e0 l\u2019\u00e9difice, en organisant une journ\u00e9e de rencontre entre tous les acteurs d\u2019un monde meilleur rencontr\u00e9s lors de mon s\u00e9jour en Am\u00e9rique Centrale.<\/p>\n<p class=\"spip\" style=\"text-align: justify;\" align=\"justify\">En effet, lors de mon s\u00e9jour dans l\u2019isthme reliant l\u2019Am\u00e9rique du Nord \u00e0 celle du Sud, j\u2019ai eu l\u2019occasion de rencontrer plusieurs personnes faisant de leur vie une aventure utile et menant divers projets positifs, ayant pour objectif de d\u00e9velopper des communaut\u00e9s, et souvent lutter contre la violence galopante dans cette partie du globe.<\/p>\n<p class=\"spip\" style=\"text-align: justify;\" align=\"justify\">A la suite de plusieurs de ces rencontres, j\u2019ai \u00e9crit des articles sur mon site afin de permettre \u00e0 mes lecteurs de conna\u00eetre l\u2019existence de ces projets.<\/p>\n<p class=\"spip\" style=\"text-align: justify;\" align=\"justify\">Etant convaincu que l\u2019union fait la force, comme le dit la devise nationale Belge, et que tous ces gens auraient beaucoup \u00e0 gagner \u00e0 se rencontrer &#8211; et pourquoi pas, travailler main dans la main &#8211; j\u2019ai d\u00e9cid\u00e9 d\u2019organiser une journ\u00e9e de rencontre et d\u2019\u00e9change d\u2019id\u00e9es, ayant comme unique objectif de rendre notre monde meilleur, en permettant des synergies entre tous ces projets.<\/p>\n<p class=\"spip\" style=\"text-align: justify;\" align=\"justify\">Ci-dessous le logo de la journ\u00e9e, illustr\u00e9 par le sourire d\u2019enfants rencontr\u00e9s durant mon aventure.<\/p>\n<p class=\"spip\" style=\"text-align: justify;\" align=\"justify\"><img decoding=\"async\" src=\"http:\/\/www.exploring-beyond.com\/wp-content\/uploads\/2017\/02\/logorencontre.jpg\" alt=\"\" align=\"middle\" \/><\/p>\n<p class=\"spip\" style=\"text-align: justify;\" align=\"justify\">Cette journ\u00e9e fut organis\u00e9e le 11 octobre 2004 au Pol\u00edgono Industrial Don Bosco (PIDB) dans la ville de San Salvador. Le PIDB, dirig\u00e9 d\u2019une main de fer par le Padre Moratalla, est sans aucun doute le projet de d\u00e9veloppement le plus int\u00e9ressant que j\u2019ai rencontr\u00e9 durant mon aventure, tout simplement car il a pour objectif, pas de d\u00e9velopper quelques communaut\u00e9s mais d\u2019\u00eatre d\u00e9multipli\u00e9 et de servir de v\u00e9ritable exemple pour le d\u00e9veloppement de tout le tiers-monde.<\/p>\n<p class=\"spip\" style=\"text-align: justify;\" align=\"justify\">Durant une journ\u00e9e enti\u00e8re, les participants repr\u00e9sentant plusieurs associations et venant du Nicaragua, du Honduras, du Guatemala et de El Salvador, ont pu se r\u00e9unir autour d\u2019une table ronde, et dans un premier temps, partager leurs exp\u00e9riences et domaines d\u2019action. Ensuite, apr\u00e8s une visite guid\u00e9e du PIDB, les participants ont abord\u00e9 des sujets plus sp\u00e9cifiques afin de voir les synergies possibles, fort nombreuses \u00e0 ma grande satisfaction. Pourvu que celles-ci soient maintenant approfondies, puis mises en pratique sur le terrain.<\/p>\n<p class=\"spip\" style=\"text-align: justify;\" align=\"justify\">Ce type de \u00ab\u00a0congr\u00e8s\u00a0\u00bb, rassemblant divers projets positifs dans des zones g\u00e9ographiques proches, m\u2019est paru comme indispensable dans la recherche d\u2019un monde meilleur. Ainsi, j\u2019essaierai d\u2019organiser une journ\u00e9e similaire lors de ma travers\u00e9e de l\u2019Asie du Sud-est dans de nombreux mois&#8230;<\/p>\n<p class=\"spip\" style=\"text-align: justify;\" align=\"justify\">Ci-dessous, quelques photos de cette journ\u00e9e :<\/p>\n<p class=\"spip\" style=\"text-align: justify;\" align=\"justify\">Le Padre Moratalla en pleine explication de son fabuleux projet :<\/p>\n<p class=\"spip\" style=\"text-align: justify;\" align=\"justify\"><img decoding=\"async\" src=\"http:\/\/www.exploring-beyond.com\/wp-content\/uploads\/2017\/02\/rencontre1.jpg\" alt=\"\" align=\"middle\" \/><\/p>\n<p class=\"spip\" style=\"text-align: justify;\" align=\"justify\">Jos\u00e9 Gomez, pr\u00e9sident de l\u2019association REMAR (Rehabilitaci\u00f3n de los Marginados) au Guatemala, explique les missions men\u00e9es et montre un film, suivi par plusieurs participants.<\/p>\n<p class=\"spip\" style=\"text-align: justify;\" align=\"justify\"><img decoding=\"async\" src=\"http:\/\/www.exploring-beyond.com\/wp-content\/uploads\/2017\/02\/rencontre2.jpg\" alt=\"\" align=\"middle\" \/><\/p>\n<p class=\"spip\" style=\"text-align: justify;\" align=\"justify\"><img decoding=\"async\" src=\"http:\/\/www.exploring-beyond.com\/wp-content\/uploads\/2017\/02\/filmremar.jpg\" alt=\"\" align=\"middle\" \/><\/p>\n<p class=\"spip\" style=\"text-align: justify;\" align=\"justify\"><img decoding=\"async\" src=\"http:\/\/www.exploring-beyond.com\/wp-content\/uploads\/2017\/02\/rencontre3.jpg\" alt=\"\" align=\"middle\" \/><\/p>\n<p class=\"spip\" style=\"text-align: justify;\" align=\"justify\">Photo lors de la visite du Pol\u00edgono Industrial Don Bosco :<\/p>\n<p class=\"spip\" style=\"text-align: justify;\" align=\"justify\"><img decoding=\"async\" src=\"http:\/\/www.exploring-beyond.com\/wp-content\/uploads\/2017\/02\/visite.jpg\" alt=\"\" align=\"middle\" \/><\/p>\n<p class=\"spip\" style=\"text-align: justify;\" align=\"justify\">Pour des informations plus pr\u00e9cises sur les participants, leur projet et les th\u00e8mes abord\u00e9s, vous pouvez me contacter \u00e0 l\u2019adresse suivante : <a href=\"mailto:ludovichubler@yahoo.fr\">ludovichubler@yahoo.fr<\/a><\/p>\n<p class=\"spip\" style=\"text-align: justify;\" align=\"justify\">Petite photo pour terminer, devant la cath\u00e9drale de San Salvador :<\/p>\n<p class=\"spip\" style=\"text-align: justify;\" align=\"justify\"><img decoding=\"async\" src=\"http:\/\/www.exploring-beyond.com\/wp-content\/uploads\/2017\/02\/sansalvador.jpg\" alt=\"\" align=\"middle\" \/><\/p>\n<p class=\"spip\" style=\"text-align: justify;\" align=\"justify\">A bient\u00f4t<\/p>\n","protected":false},"excerpt":{"rendered":"<p>\u00ab\u00a0L\u2019\u00e9motion est la porte de la conscience\u00ab\u00a0. Cette phrase, que j\u2019ai souvent entendue depuis le d\u00e9but de mon aventure, est \u00e9clatante de v\u00e9rit\u00e9. Je ne vais pas le cacher, les probl\u00e8mes humanitaires du monde ne me pr\u00e9occupaient que peu avant le d\u00e9but de mon aventure, pas par \u00e9go\u00efsme mais tout simplement par ignorance et par [&hellip;]<\/p>\n","protected":false},"author":1,"featured_media":16334,"comment_status":"open","ping_status":"open","sticky":false,"template":"","format":"standard","meta":{"footnotes":""},"categories":[129,180,96,89,125],"tags":[],"class_list":["post-10860","post","type-post","status-publish","format-standard","has-post-thumbnail","hentry","category-amerique","category-elsalvador","category-engagement","category-tourdumondeenstop","category-tous-les-articles-tourdumonde"],"_links":{"self":[{"href":"https:\/\/exploring-beyond.com\/index.php?rest_route=\/wp\/v2\/posts\/10860","targetHints":{"allow":["GET"]}}],"collection":[{"href":"https:\/\/exploring-beyond.com\/index.php?rest_route=\/wp\/v2\/posts"}],"about":[{"href":"https:\/\/exploring-beyond.com\/index.php?rest_route=\/wp\/v2\/types\/post"}],"author":[{"embeddable":true,"href":"https:\/\/exploring-beyond.com\/index.php?rest_route=\/wp\/v2\/users\/1"}],"replies":[{"embeddable":true,"href":"https:\/\/exploring-beyond.com\/index.php?rest_route=%2Fwp%2Fv2%2Fcomments&post=10860"}],"version-history":[{"count":3,"href":"https:\/\/exploring-beyond.com\/index.php?rest_route=\/wp\/v2\/posts\/10860\/revisions"}],"predecessor-version":[{"id":12921,"href":"https:\/\/exploring-beyond.com\/index.php?rest_route=\/wp\/v2\/posts\/10860\/revisions\/12921"}],"wp:featuredmedia":[{"embeddable":true,"href":"https:\/\/exploring-beyond.com\/index.php?rest_route=\/wp\/v2\/media\/16334"}],"wp:attachment":[{"href":"https:\/\/exploring-beyond.com\/index.php?rest_route=%2Fwp%2Fv2%2Fmedia&parent=10860"}],"wp:term":[{"taxonomy":"category","embeddable":true,"href":"https:\/\/exploring-beyond.com\/index.php?rest_route=%2Fwp%2Fv2%2Fcategories&post=10860"},{"taxonomy":"post_tag","embeddable":true,"href":"https:\/\/exploring-beyond.com\/index.php?rest_route=%2Fwp%2Fv2%2Ftags&post=10860"}],"curies":[{"name":"wp","href":"https:\/\/api.w.org\/{rel}","templated":true}]}}