{"id":10700,"date":"2017-02-26T00:25:25","date_gmt":"2017-02-25T23:25:25","guid":{"rendered":"http:\/\/www.exploring-beyond.com\/?p=10700"},"modified":"2017-05-10T22:49:55","modified_gmt":"2017-05-10T20:49:55","slug":"article-204-dans-lenfer-de-la-coree-du-nord","status":"publish","type":"post","link":"https:\/\/exploring-beyond.com\/?p=10700","title":{"rendered":"Article #204 : Dans l&rsquo;enfer de la Cor\u00e9e du Nord"},"content":{"rendered":"<p class=\"spip\" style=\"text-align: justify;\" align=\"justify\"><strong class=\"spip\">Bonjour \u00e0 tous<\/strong>,<\/p>\n<p class=\"spip\" style=\"text-align: justify;\" align=\"justify\">La d\u00e9cision fut tr\u00e8s difficile \u00e0 prendre<i class=\"spip\">. Est-ce une bonne id\u00e9e d\u2019aller en Cor\u00e9e du Nord ?<\/i> La premi\u00e8re raison de ce questionnement est d\u2019ordre \u00e9thique. Est-il raisonnable de se rendre dans le dernier pays Stalinien au monde, ce pays contr\u00f4l\u00e9 d\u2019une main de fer par un terrible dictateur ne laissant pas la moindre libert\u00e9 \u00e0 sa population et constituant une menace pour la communaut\u00e9 internationale (consider\u00e9 par ailleurs par les Etats-Unis comme faisant partie de leur c\u00e9l\u00e8bre \u00ab\u00a0<i class=\"spip\">axe du mal<\/i>\u00ab\u00a0). Est-il raisonnable de d\u00e9penser de l\u2019argent sachant qu\u2019une partie non n\u00e9gligeable de celui-ci reviendra d\u2019une fa\u00e7on ou d\u2019une autre au gouvernement qui n\u2019h\u00e9sitera pas \u00e0 l\u2019utiliser pour d\u00e9velopper des armes plut\u00f4t que de nourrir sa propre population (de graves famines subsistent en Cor\u00e9e du Nord). Le sujet est th\u00e8me \u00e0 d\u00e9bat et je respecterai les 2 avis.<\/p>\n<p class=\"spip\" style=\"text-align: justify;\" align=\"justify\">Avant de prendre ma d\u00e9cision, j\u2019ai lu de nombreux articles et livres sur le sujet mais les points de vue sont partag\u00e9s. Cependant, je pense comme de nombreux experts que le voyage est une source d\u2019ouverture d\u2019esprit pour tout le monde (locaux et voyageurs) et qu\u2019il doit par cons\u00e9quent \u00eatre encourag\u00e9. De plus, je crois qu\u2019il est important que le monde soit inform\u00e9 sur ce pays qui est le moins visit\u00e9 au monde (1500 visiteurs occidentaux par an para\u00eet-il). Malgr\u00e9 le fait que les journalistes et photographes soient interdits de s\u00e9jour en Cor\u00e9e du Nord, j\u2019ai re\u00e7u l\u2019autorisation d\u2019\u00e9crire mon compte-rendu sur mon site internet et d\u2019envoyer une newsletter sur mon s\u00e9jour. Le compte-rendu complet est tr\u00e8s long et peut \u00eatre accessible sur mon site en cliquant sur le lien suivant :<\/p>\n<p class=\"spip\" style=\"text-align: justify;\" align=\"justify\">Bien conscient que votre temps est compt\u00e9 et que votre int\u00e9r\u00eat pour ce pays est peut-\u00eatre limit\u00e9, je vous propose ci-dessous un \u00ab\u00a0<i class=\"spip\">petit<\/i>\u00a0\u00bb r\u00e9sum\u00e9 de mon s\u00e9jour en DPRK (&#8230;).<\/p>\n<h3 class=\"spip\" style=\"text-align: justify;\"><\/h3>\n<h3 class=\"spip\" style=\"text-align: justify;\">Dans l\u2019enfer de la Cor\u00e9e du Nord<\/h3>\n<p class=\"spip\" style=\"text-align: justify;\" align=\"justify\">Passionn\u00e9 par la politique et la g\u00e9opolitique, la Cor\u00e9e du Nord a toujours exerc\u00e9 en moi une certaine curiosit\u00e9. Dans un monde o\u00f9 les communications sont plus rapides et efficaces que jamais et o\u00f9 la plan\u00e8te enti\u00e8re est connect\u00e9e jours et nuits, je me suis toujours demand\u00e9 comment ce petit pays de quelques 23 millions d\u2019habitants pouvait continuer \u00e0 survivre compl\u00e8tement coup\u00e9 du reste du monde. Certes, des pays consider\u00e9s comme \u00ab\u00a0<i class=\"spip\">ferm\u00e9s<\/i>\u00ab\u00a0, il y en a encore quelques uns aujourd\u2019hui dans le monde (Myanmar, Turkmenistan&#8230;) mais AUCUN d\u2019entre eux n\u2019est autant coup\u00e9 du reste du monde que l\u2019est la Cor\u00e9e du Nord, un pays o\u00f9 les mots Mc Donald\u2019s, t\u00e9l\u00e9phone portable, Internet ou Coca-Cola sont totalement inconnus de quasiment toute la population. J\u2019aurais beaucoup aim\u00e9 pouvoir visiter l\u2019Union Sovi\u00e9tique avant son \u00e9clatement en 1990 mais mon jeune \u00e2ge ne m\u2019a pas permis cela. Aller en Cor\u00e9e du Nord \u00e9tait donc ma derni\u00e8re opportunit\u00e9 de voir ce qu\u2019est un vrai pays communiste Stalinien.<\/p>\n<p class=\"spip\" style=\"text-align: justify;\" align=\"justify\">Bien s\u00fbr, faire du stop en Cor\u00e9e du Nord est chose absolument impossible. J\u2019aurais bien entendu souhait\u00e9 le faire mais si il y a un endroit sur terre o\u00f9 cette activit\u00e9 est absolument impensable, c\u2019est bien la Cor\u00e9e du Nord. C\u2019est donc en avion que je suis rentr\u00e9 dans le pays et en train que j\u2019en suis ressorti. Etant donn\u00e9 que le point de d\u00e9part et d\u2019arriv\u00e9e \u00e9taient le m\u00eame (Pekin), mon challenge de boucler la grande boucle en stop tient toujours la route (je ne fais pas de stop \u00e0 l\u2019int\u00e9rieur des villes et lorsque je fais un aller-retour avec retour au point de d\u00e9part).<\/p>\n<p class=\"spip\" style=\"text-align: justify;\" align=\"justify\">L\u2019autre probl\u00e8me qui se posait pour moi \u00e9tait le prix du voyage. Aller en Cor\u00e9e du Nord co\u00fbte cher et je n\u2019ai pas beaucoup d\u2019argent (je vis toujours avec un budget de 10 USD par jour en moyenne). Il me faudra donc trouver une solution pour pouvoir financer la fin de mon aventure mais je pense que c\u2019\u00e9tait le bon moment pour moi de visiter ce pays notamment du fait que j\u2019\u00e9crirai un livre \u00e0 l\u2019issue de mon parcours (\u00e0 partir du 1er janvier 2008).<\/p>\n<p class=\"spip\" style=\"text-align: justify;\" align=\"justify\">L\u2019une des raisons pour laquelle un voyage en Cor\u00e9e du Nord est cher est qu\u2019il est obligatoire de passer par une agence specialis\u00e9e (\u00ab\u00a0<i class=\"spip\">Koryo tours<\/i>\u00a0\u00bb dans mon cas), d\u2019avoir sans cesse 2 gardes\/guides et un chauffeur \u00e0 ses c\u00f4t\u00e9s et qu\u2019il n\u2019y a que 4 h\u00f4tels dans la capitale Pyongyang susceptibles de recevoir des \u00e9trangers (tous contr\u00f4l\u00e9s par le gouvernement bien entendu). Ces h\u00f4tels sont de tr\u00e8s bonne qualit\u00e9 \u00e9tant donn\u00e9 que le gouvernement souhaite laisser au visiteur la meilleure image possible du pays.<\/p>\n<p class=\"spip\" style=\"text-align: justify;\" align=\"justify\">Avant mon d\u00e9part, on m\u2019avait dit que pendant toute la dur\u00e9e de mon s\u00e9jour, on ne me montrerait que ce que le gouvernement souhaite montrer, qu\u2019il me faudrait tourner la t\u00eate \u00e0 droite et \u00e0 gauche selon ce que j\u2019ai le droit de voir et de pas voir et qu\u2019on m\u2019interdirait purement et simplement le moindre contact avec la population locale. La r\u00e9alit\u00e9 fut en fait un poil plus souple mais il est vrai que chacun de mes actes furent tr\u00e8s contr\u00f4l\u00e9s. Chose tr\u00e8s frustrante pour quelqu\u2019un comme moi qui cherche avant tout les contacts humains&#8230;<\/p>\n<p class=\"spip\" style=\"text-align: justify;\" align=\"justify\">Partir en voyage individuel avec 2 guides et un chauffeur est chose possible mais co\u00fbte encore plus cher. J\u2019ai donc d\u00fb accepter l\u2019id\u00e9e de voyager en groupe, chose que je n\u2019aime pas beaucoup en g\u00e9n\u00e9ral. Cependant, le groupe fut compos\u00e9 de gens tr\u00e8s int\u00e9ressants ; cela fut donc davantage un plaisir qu\u2019un probl\u00e8me. Bien entendu, aucun Am\u00e9ricain ou Sud-Cor\u00e9en ne figurait dans ce groupe \u00e9tant donn\u00e9 leur interdiction de s\u00e9jour en Cor\u00e9e du Nord. Le passeport Fran\u00e7ais, lui, ne pose pas de probl\u00e8me aux autorit\u00e9s Nord-Cor\u00e9ennes et le visa me fut accord\u00e9 non sans avoir d\u00fb auparavant signer une attestation stipulant que je ne suis ni journaliste, ni photographe et une autre de mon employeur d\u00e9crivant mon activit\u00e9 professionnelle (n\u2019ayant pas d\u2019employeur actuellement, j\u2019ai d\u00fb demander \u00e0 un proche de me faire une fausse attestation, seule solution pour passer cet obstacle).<\/p>\n<p class=\"spip\" style=\"text-align: justify;\" align=\"justify\">Avant de partir, une r\u00e9union fut organis\u00e9e par l\u2019agence nous expliquant les choses que nous \u00e9tions autoris\u00e9s \u00e0 faire et celles interdites. Ci-dessous, je vous propose quelques unes des activit\u00e9s interdites et acceptables m\u2019ayant particuli\u00e8rement marqu\u00e9 :<\/p>\n<p>&nbsp;<\/p>\n<p><i class=\"spip\">&#8211; Toujours demander avant de prendre une photo<br \/>\n&#8211; Ne pas prendre de photos de \u00ab\u00a0checkpoints\u00a0\u00bb, de soldats ou de personnes en train de travailler. Aucune photo de b\u00e2timent en construction n\u2019est toler\u00e9e, cela donne une mauvaise image du pays.<br \/>\n&#8211; Lorsque l\u2019on prend une photo du \u00ab\u00a0Great Leader\u00a0\u00bb, il faut toujours prendre le corps complet. Ne jamais prendre juste les pieds ou une autre partie du corps.<br \/>\n&#8211; Il est interdit d\u2019imiter la posture du leader et de s\u2019amuser devant une statue. Le plus grand respect est demand\u00e9.<br \/>\n&#8211; Ne jamais contredire le guide m\u00eame si votre point de vue et ce que vous avez toujours appris est diff\u00e9rent de ce que le guide vous explique. Ne jamais chercher \u00e0 imposer son point de vue.<br \/>\n&#8211; Ne jamais ab\u00eemer ou d\u00e9chirer le journal lorsque la photo du leader y appara\u00eet.<br \/>\n&#8211; Ne pas apporter de t\u00e9lephone portable ou d\u2019ordinateur. Aucune utilisation d\u2019Internet n\u2019est possible.<br \/>\n&#8211; Envoyer des cartes postales est possible mais elles seront toutes lues peu importe la langue utilis\u00e9e.<br \/>\n&#8211; Ne pas apporter de livres tra\u00eetant de la Cor\u00e9e du Nord<br \/>\n&#8211; Ne pas apporter de drapeau Am\u00e9ricain ou Sud-Cor\u00e9en<br \/>\n&#8211; Pas de T-shirt avec drapeau ou slogan Am\u00e9ricain ou Sud-Cor\u00e9en.<br \/>\n&#8211; Musique Am\u00e9ricaine accept\u00e9e, musique Sud-Cor\u00e9enne refus\u00e9e<br \/>\n&#8211; Etc,&#8230;<\/i><\/p>\n<p class=\"spip\" style=\"text-align: justify;\" align=\"justify\">Ce voyage fut \u00e0 la fois passionnant et frustrant. Passionnant car visiter la Cor\u00e9e du Nord, c\u2019est un peu comme rentrer dans un livre d\u2019histoire et revivre en r\u00e9el l\u2019\u00e9poque Stalinienne o\u00f9 le grand leader ne s\u2019appelle pas Staline mais Kim-Jong Il (qui a pris en 1994 la rel\u00e8ve de son p\u00e8re Kim-Il Sung). Les statues du \u00ab\u00a0<i class=\"spip\">Grand leader<\/i>\u00a0\u00bb appel\u00e9 aussi \u00ab\u00a0<i class=\"spip\">le President<\/i>\u00a0\u00bb sont partout, la propagande communiste est omnipr\u00e9sente, la pr\u00e9sence de l\u2019arm\u00e9e en tenue ou en civil est \u00e0 chaque coin de rue, la libert\u00e9 d\u2019expression inexistante et toutes les informations donn\u00e9es par les guides sont tr\u00e8s orient\u00e9es. Mes sens furent sans cesse \u00e9veill\u00e9s lorsque je me balladais dans les rues de Pyongyang analysant chaque petit d\u00e9tail de la vie quotidienne.<\/p>\n<p class=\"spip\" style=\"text-align: justify;\" align=\"justify\"><i class=\"spip\">Photos ci-dessous de 2 sc\u00e8nes typiques de la vie en Cor\u00e9e du Nord. A droite, un soldat marchant seul au milieu de champs de riz. A gauche, un agriculteur cherchant du bois avec sa vache probablement afin d\u2019\u00e9viter \u00e0 sa famille de souffrir du froid. A noter que prendre ce genre de photos, m\u00eame si elles n\u2019ont rien d\u2019exceptionnelles, \u00e9tait chose absolument interdite. Elles furent prises discr\u00e8tement lorsque le bus avan\u00e7ait.<\/i><\/p>\n<p class=\"spip\" style=\"text-align: justify;\" align=\"justify\"><img decoding=\"async\" src=\"http:\/\/www.exploring-beyond.com\/wp-content\/uploads\/2017\/02\/scenesquotidiennes.jpg\" alt=\"\" align=\"middle\" \/><\/p>\n<p class=\"spip\" style=\"text-align: justify;\" align=\"justify\">De nombreux aspects de ce voyage \u00e9taient passionnants mais un voyage en Cor\u00e9e du Nord reste tr\u00e8s frustrant car ce qui nous est montr\u00e9 n\u2019est quelque part pas la r\u00e9alit\u00e9. Certes, nous avons vu quelques monuments, quelques mus\u00e9es, nous avons vu le m\u00e9tro de Pyongyang (ce qui est d\u00e9j\u00e0 un exploit), nous avons vu des danses, de la propagande, beaucoup de propagande, un bel h\u00f4tel o\u00f9 il nous fallait rester (h\u00f4tel qui changeait beaucoup des endroits o\u00f9 j\u2019ai log\u00e9 durant les 4 derni\u00e8res ann\u00e9es) mais je me suis senti trop \u00e9loign\u00e9 de la r\u00e9alit\u00e9 du pays. J\u2019aurais aim\u00e9 voir comment se nourrit la population (rations), pouvoir \u00e9changer avec les locaux, voir un magasin, etc,&#8230;Bref, mieux conna\u00eetre la vie au jour le jour du Cor\u00e9en moyen.<\/p>\n<p class=\"spip\" style=\"text-align: justify;\" align=\"justify\">Lors de ce sejour Nord-Cor\u00e9en, de nombreuses choses m\u2019ont surpris, impressionn\u00e9, en voici quelques-unes :<\/p>\n<p class=\"spip\" style=\"text-align: justify;\" align=\"justify\"><strong class=\"spip\">1) Propagande pro-<i class=\"spip\">Juche<\/i> et Anti-Am\u00e9ricaine<\/strong><\/p>\n<p class=\"spip\" style=\"text-align: justify;\" align=\"justify\">\u00ab\u00a0<i class=\"spip\">Juche<\/i>\u00a0\u00bb signifie en Cor\u00e9en \u00ab\u00a0<i class=\"spip\">ma\u00eetre de son corps<\/i>\u00ab\u00a0, c\u2019est \u00e0 dire l\u2019auto-suffisance. La \u00ab\u00a0<i class=\"spip\">Juche<\/i>\u00a0\u00bb est la philosophie Nord-Cor\u00e9enne selon laquelle le pays n\u2019a besoin de personne d\u2019autre pour se d\u00e9velopper.<\/p>\n<p class=\"spip\" style=\"text-align: justify;\" align=\"justify\">Pas besoin de parler la langue Cor\u00e9enne pour comprendre l\u2019id\u00e9ologie Nord-Cor\u00e9enne. Marchez 5 minutes dans les rues de Pyongyang, la capitale de la Cor\u00e9e du Nord, regardez \u00e0 droite, regardez \u00e0 gauche et vous comprendrez rapidement comment la population Nord-Cor\u00e9enne est contr\u00f4l\u00e9e. A chaque coin de rue, des slogans et dessins diabolisent l\u2019imp\u00e9rialisme Americain et encense le regime <i class=\"spip\">Juche<\/i> au pouvoir. Ci-dessous, un dessin resumant mieux l\u2019anti-Am\u00e9ricanisme ambiant :<\/p>\n<p class=\"spip\" style=\"text-align: justify;\" align=\"justify\"><img decoding=\"async\" src=\"http:\/\/www.exploring-beyond.com\/wp-content\/uploads\/2017\/02\/byebyeamerican.jpg\" alt=\"\" align=\"middle\" \/><\/p>\n<p class=\"spip\" style=\"text-align: justify;\" align=\"justify\">La Philosophie de la <i class=\"spip\">Juche<\/i> implique une arm\u00e9e ultra-pr\u00e9sente et comp\u00e9titive. Ci-dessous, quelques affiches de propagande mettant en avant la force de l\u2019arm\u00e9e qu\u2019on retrouve tr\u00e8s r\u00e9guli\u00e8rement dans les rues&#8230;<\/p>\n<p class=\"spip\" style=\"text-align: justify;\" align=\"justify\"><img decoding=\"async\" src=\"http:\/\/www.exploring-beyond.com\/wp-content\/uploads\/2017\/02\/propagande.jpg\" alt=\"\" align=\"middle\" \/><\/p>\n<p class=\"spip\" style=\"text-align: justify;\" align=\"justify\">Ci-dessous, le logo du parti representant les 3 forces vives de la nation : les paysans, travailleurs et intellectuels.<\/p>\n<p class=\"spip\" style=\"text-align: justify;\" align=\"justify\"><img decoding=\"async\" src=\"http:\/\/www.exploring-beyond.com\/wp-content\/uploads\/2017\/02\/logojuche.jpg\" alt=\"\" align=\"middle\" \/><\/p>\n<p class=\"spip\" style=\"text-align: justify;\" align=\"justify\">Et un slogan traduit en Anglais (la plupart ne sont qu\u2019en Cor\u00e9en)<\/p>\n<p class=\"spip\" style=\"text-align: justify;\" align=\"justify\"><img decoding=\"async\" src=\"http:\/\/www.exploring-beyond.com\/wp-content\/uploads\/2017\/02\/sloganprojuche.jpg\" alt=\"\" align=\"middle\" \/><\/p>\n<p class=\"spip\" style=\"text-align: justify;\" align=\"justify\"><strong class=\"spip\">2) Culte de la personnalit\u00e9<\/strong><\/p>\n<p class=\"spip\" style=\"text-align: justify;\" align=\"justify\">La Cor\u00e9e du Nord est consider\u00e9e comme le dernier r\u00e9gime Stalinien au monde. Le fondateur de ce r\u00e9gime, le \u00ab\u00a0<i class=\"spip\">Great leader<\/i>\u00a0\u00bb Kim-il-Sung, d\u00e9c\u00e9d\u00e9 en 1994, est toujours consider\u00e9 comme un veritable Dieu dans ce pays et ses nombreuses photos et statues donnent l\u2019impression qu\u2019il est toujours au pouvoir. Son fils, Kim-Jong-il, certes moins pr\u00e9sent sur les affiches et moins charismatique a pris la rel\u00e8ve avec autorit\u00e9 depuis la mort de son p\u00e8re et continue de contr\u00f4ler fermement la population.<\/p>\n<p class=\"spip\" style=\"text-align: justify;\" align=\"justify\">Ci-dessous, quelques-unes des affiches representant Kim-il Sung et Kim-Jong-Il prises dans les rues de Pyongyang et Kaesong, autre ville Nord-Cor\u00e9enne o\u00f9 je me suis rendu. Les portraits des leaders se trouvent \u00e9galement dans tous les lieux publics (restaurants, hotels, m\u00e9tro&#8230;) et dans l\u2019appartement de tous les habitants.<\/p>\n<p class=\"spip\" style=\"text-align: justify;\" align=\"justify\"><img decoding=\"async\" src=\"http:\/\/www.exploring-beyond.com\/wp-content\/uploads\/2017\/02\/culteperso.jpg\" alt=\"\" align=\"middle\" \/><\/p>\n<p class=\"spip\" style=\"text-align: justify;\" align=\"justify\">Ce culte de la personnalit\u00e9 va bien evidemment bien au dela de simples affiches. Ainsi, le calendrier adopt\u00e9 par la Cor\u00e9e du Nord ne d\u00e9bute pas le jour de la naissance de Jesus-Christ mais de celle du grand Kim-il-Sung. Ainsi, en Cor\u00e9e du Nord, nous ne sommes pas en 2007 mais en l\u2019an 96 (Kim-il-Sung est n\u00e9 au mois d\u2019Avril 1912).<\/p>\n<p class=\"spip\" style=\"text-align: justify;\" align=\"justify\">Cette date est bien s\u00fbr celle qui para\u00eet dans les journaux locaux, ces journaux qui ne parlent quasiment que de leurs leaders p\u00e8re ou fils et qui cherchent \u00e0 mettre les Etats-Unis plus bas que terre&#8230;(la Cor\u00e9e du Nord est par ailleurs class\u00e9e derni\u00e8re dans le classement de la libert\u00e9 de la presse).<\/p>\n<p class=\"spip\" style=\"text-align: justify;\" align=\"justify\">Ci-dessous, une photo du \u00ab\u00a0<i class=\"spip\">Pyongyang times<\/i>\u00ab\u00a0, le principal hebdomadaire en langue Anglaise imprim\u00e9 en Cor\u00e9e du Nord. Vous remarquerez que l\u2019information principale de la semaine est la visite du leader dans une unit\u00e9 militaire. J\u2019ai eu l\u2019occasion de feuilleter d\u2019autres num\u00e9ros des semaines pr\u00e9cedentes, les informations furent quasiment toutes identiques et convergaient toujours vers l\u2019activit\u00e9 de Kim-Jong-il, le souvenir de Kim-il-Sung, la promotion du regime \u00ab\u00a0<i class=\"spip\">Juche<\/i>\u00a0\u00bb et la diabolisation de l\u2019imperialisme Americain.<\/p>\n<p class=\"spip\" style=\"text-align: justify;\" align=\"justify\"><img decoding=\"async\" src=\"http:\/\/www.exploring-beyond.com\/wp-content\/uploads\/2017\/02\/pyongyangtimes.jpg\" alt=\"\" align=\"middle\" \/><\/p>\n<p class=\"spip\" style=\"text-align: justify;\" align=\"justify\">La T\u00e9l\u00e9vision n\u2019est gu\u00e8re differente. Chaque fois que je regardais le programme propos\u00e9, je voyais des enfants embrigad\u00e9s, des chants revolutionnaires et des programmes rappelant \u00e0 la population que \u00ab\u00a0<i class=\"spip\">le leader Kim-Jong-il est le soleil du 21eme si\u00e8cle<\/i>\u00a0\u00bb et que \u00ab\u00a0<i class=\"spip\">la formidable id\u00e9ologie Juche est la meilleure au monde<\/i>\u00ab\u00a0. Davantage sur ce sujet dans le petit film que j\u2019ai realis\u00e9 que vous pourrez ci-dessous :<\/p>\n<p>&lt;embed style=\u00a0\u00bbwidth:400px; height:326px;\u00a0\u00bb id=\u00a0\u00bbVideoPlayback\u00a0\u00bb type=\u00a0\u00bbapplication\/x-shockwave-flash\u00a0\u00bb src=\u00a0\u00bb&lt;a href=\u00a0\u00bbhttp:\/\/video.google.com\/googleplayer.swf?docId=837661523695584583&amp;hl=en\u00a0\u00bb&gt;http:\/\/video.google.com\/googleplayer.swf?docId=837661523695584583&amp;hl=en\u00a0\u00bb flashvars=\u00a0\u00bb\u00a0\u00bb&gt; &lt;\/embed&gt;&lt;\/p&gt;<br \/>\n&lt;p style=\u00a0\u00bbtext-align: justify;\u00a0\u00bb class=\u00a0\u00bbspip\u00a0\u00bb align=\u00a0\u00bbjustify\u00a0\u00bb&gt;<\/p>\n<p class=\"spip\" style=\"text-align: justify;\" align=\"justify\">Ci-dessous, le genre de livres tr\u00e8s communs dans les biblioth\u00e8ques de Pyongyang :<\/p>\n<p class=\"spip\" style=\"text-align: justify;\" align=\"justify\"><img decoding=\"async\" src=\"http:\/\/www.exploring-beyond.com\/wp-content\/uploads\/2017\/02\/bookprojuche.jpg\" alt=\"\" align=\"middle\" \/><\/p>\n<p class=\"spip\" style=\"text-align: justify;\" align=\"justify\"><strong class=\"spip\">Anniversaire Kim-Jong-il<\/strong><\/p>\n<p class=\"spip\" style=\"text-align: justify;\" align=\"justify\">Durant mon sejour, j\u2019ai eu la chance de \u00ab\u00a0participer\u00a0\u00bb a l\u2019anniversaire du leader \u00ab\u00a0Kim-Jong-il\u00a0\u00bb, jour feri\u00e9 bien entendu dans ce pays. Les c\u00e9l\u00e9brations furent absolument grandioses. Les danses de milliers de personnes sur la place principale resteront grav\u00e9es dans ma memoire \u00e0 jamais.<\/p>\n<p class=\"spip\" style=\"text-align: justify;\" align=\"justify\">Quelques photos ci-dessous.<\/p>\n<p class=\"spip\" style=\"text-align: justify;\" align=\"justify\"><img decoding=\"async\" src=\"http:\/\/www.exploring-beyond.com\/wp-content\/uploads\/2017\/02\/anniversairekim.jpg\" alt=\"\" align=\"middle\" \/><\/p>\n<p class=\"spip\" style=\"text-align: justify;\" align=\"justify\">Durant ce jour particulier, l\u2019une des coutumes locales est d\u2019aller rendre visite \u00e0 la statue du p\u00e8re, y deposer des fleurs et aller se recueillir face \u00e0 celui qui a \u00ab\u00a0vaincu les forces du mal\u00a0\u00bb. Pour vous rendre \u00e0 ce monument, il vous faudra traverser la \u00ab\u00a0<i class=\"spip\">victory street<\/i>\u00a0\u00bb et la \u00ab\u00a0<i class=\"spip\">glory street<\/i>\u00ab\u00a0.<\/p>\n<p class=\"spip\" style=\"text-align: justify;\" align=\"justify\">En signe de respect, il est demand\u00e9 \u00e0 tous les visiteurs, m\u00eame \u00e9trangers de faire la r\u00e9verence au \u00ab\u00a0Grand leader\u00a0\u00bb. J\u2019ai donc d\u00fb m\u2019ex\u00e9cuter afin d\u2019eviter des problemes m\u00eame si je n\u2019ai personellement aucune admiration pour cet homme.<\/p>\n<p class=\"spip\" style=\"text-align: justify;\" align=\"justify\"><img decoding=\"async\" src=\"http:\/\/www.exploring-beyond.com\/wp-content\/uploads\/2017\/02\/praiseleader.jpg\" alt=\"\" align=\"middle\" \/><\/p>\n<p class=\"spip\" style=\"text-align: justify;\" align=\"justify\"><strong class=\"spip\">3) Reunification des \u00ab\u00a02 Cor\u00e9es\u00a0\u00bb :<\/strong><\/p>\n<p class=\"spip\" style=\"text-align: justify;\" align=\"justify\">\u00ab\u00a0<i class=\"spip\">La s\u00e9paration des 2 Cor\u00e9es par les forces \u00e9trangeres est une trag\u00e9die pour le peuple Cor\u00e9en<\/i>\u00ab\u00a0. C\u2019est par ces mots que le guide (representant pour moi quasiment l\u2019unique voix de la Coree du Nord) qualifia le mur de 240 kms de long separant la partie Nord de la partie Sud de la p\u00e9ninsule. Chose surprenante pour moi (je ne m\u2019y attendais pas), la volont\u00e9 de rassembler les 2 parties de la Cor\u00e9e est tr\u00e8s forte c\u00f4t\u00e9 Nord-Cor\u00e9en. Ci-dessous, 2 dessins situ\u00e9s pr\u00e8s de la DMZ (zone demilitaris\u00e9e s\u00e9parant les 2 Cor\u00e9e) illustrant cela :<\/p>\n<p class=\"spip\" style=\"text-align: justify;\" align=\"justify\"><img decoding=\"async\" src=\"http:\/\/www.exploring-beyond.com\/wp-content\/uploads\/2017\/02\/onekorea.jpg\" alt=\"\" align=\"middle\" \/><\/p>\n<p class=\"spip\" style=\"text-align: justify;\" align=\"justify\">Cependant, est-il possible de rassembler 2 pays aux visions diam\u00e9tralement oppos\u00e9es ? \u00ab\u00a0<i class=\"spip\">Oui<\/i>\u00a0\u00bb r\u00e9pond sans h\u00e9sitation la guide juinior, \u00ab\u00a0<i class=\"spip\">le Sud dispose d\u2019une force economique, le Nord d\u2019une force politique, nous pouvons avoir un gouvernement avec 2 id\u00e9ologies diff\u00e9rentes<\/i>\u00ab\u00a0. Croyez-vous vraiment que la Cor\u00e9e du Sud serait dispos\u00e9e \u00e0 verser d\u2019importantes sommes d\u2019argent \u00e0 un r\u00e9gime totalitaire ? \u00ab\u00a0<i class=\"spip\">Ceux qui ne souhaitent pas donner d\u2019argent sont des radins<\/i>\u00a0\u00bb encha\u00eenera alors le guide senior.<\/p>\n<p class=\"spip\" style=\"text-align: justify;\" align=\"justify\">Faire part de ses doutes \u00e9tant chose non admise en Cor\u00e9e du Nord, j\u2019ai donc d\u00fb m\u2019abstenir de faire toute remarque d\u00e9sagr\u00e9able et j\u2019ai continu\u00e9 \u00e0 poser des questions montrant de fa\u00e7on indirecte mon scepticisme, un scepticisme bien entendu partag\u00e9 par tous les autres membres du groupe (\u00e0 diff\u00e9rents degr\u00e9s cependant)&#8230;<\/p>\n<p class=\"spip\" style=\"text-align: justify;\" align=\"justify\">Quoi qu\u2019il en soit, la volont\u00e9 de faire de la Cor\u00e9e un seul et unique pays est bien pr\u00e9sente de ce c\u00f4t\u00e9 de la fronti\u00e8re. Ci-dessous, un monument dedi\u00e9 \u00e0 cette reunification.<\/p>\n<p class=\"spip\" style=\"text-align: justify;\" align=\"justify\"><img decoding=\"async\" src=\"http:\/\/www.exploring-beyond.com\/wp-content\/uploads\/2017\/02\/onekorea2.jpg\" alt=\"\" align=\"middle\" \/><\/p>\n<p class=\"spip\" style=\"text-align: justify;\" align=\"justify\">&#8230;et un programme TV parmi tant d\u2019autres faisant la promotion de la r\u00e9unification des 2 Cor\u00e9e.<\/p>\n<p class=\"spip\" style=\"text-align: justify;\" align=\"justify\"><img decoding=\"async\" src=\"http:\/\/www.exploring-beyond.com\/wp-content\/uploads\/2017\/02\/tvkorea.jpg\" alt=\"\" align=\"middle\" \/><\/p>\n<p class=\"spip\" style=\"text-align: justify;\" align=\"justify\">Ci-dessous un signal indiquant la ville de Seoul \u00e0 seulement 70 kms. Distant de seulement 70 kms certes mais distant d\u2019ann\u00e9es lumi\u00e8res en terme de d\u00e9veloppement et de libert\u00e9&#8230;<\/p>\n<p class=\"spip\" style=\"text-align: justify;\" align=\"justify\"><img decoding=\"async\" src=\"http:\/\/www.exploring-beyond.com\/wp-content\/uploads\/2017\/02\/seoul70.jpg\" alt=\"\" align=\"middle\" \/><\/p>\n<p class=\"spip\" style=\"text-align: justify;\" align=\"justify\"><strong class=\"spip\">4) Carences (Nourriture, energie&#8230;)<\/strong><\/p>\n<p class=\"spip\" style=\"text-align: justify;\" align=\"justify\">La Coree du Nord est certes le plus beau et le plus prosp\u00e8re pays au monde selon ses dirigeants, il n\u2019en demeure qu\u2019une proportion non n\u00e9gligeable de la population n\u2019arrive pas \u00e0 se nourrir correctement (graves famines lors des 10 dernieres ann\u00e9es, Le \u00ab\u00a0<i class=\"spip\">World food program<\/i>\u00a0\u00bb des Nations Unies est aujourd\u2019hui oblig\u00e9 d\u2019intervenir afin d\u2019\u00e9viter davantage de souffrances) et n\u2019a pas suffisament d\u2019energie pour repondre \u00e0 ses besoins.<\/p>\n<p class=\"spip\" style=\"text-align: justify;\" align=\"justify\">Je n\u2019ai personellement vu aucune situation de famine de mes propres yeux (les guides nous tiennent \u00e9loign\u00e9s de ce genre de choses) mais j\u2019ai pu voir \u00e0 plusieurs reprises les carences en energie.<\/p>\n<p class=\"spip\" style=\"text-align: justify;\" align=\"justify\">Ainsi, pour vous donner quelques exemples concrets, les lampadaires et feux de signalisation du centre-ville sont \u00e9teints et remplac\u00e9s par de ravissantes demoiselles organisant le traffic. Voir photo ci-dessous d\u2019une de ces dames.<\/p>\n<p class=\"spip\" style=\"text-align: justify;\" align=\"justify\"><img decoding=\"async\" src=\"http:\/\/www.exploring-beyond.com\/wp-content\/uploads\/2017\/02\/trafficwoman.jpg\" alt=\"\" align=\"middle\" \/><\/p>\n<p class=\"spip\" style=\"text-align: justify;\" align=\"justify\">Regardez aussi le petit film ci-dessous montrant leur fa\u00e7on de travailler : un v\u00e9ritable spectacle. A signaler que filmer cette sc\u00e8ne \u00e9tait th\u00e9oriquement interdit pour moi mais en toute discretion, il est possible de rendre la pratique quelque peu diff\u00e9rente de la theorie&#8230;<\/p>\n<p class=\"spip\" style=\"text-align: justify;\" align=\"justify\">Le manque d\u2019\u00e9nergie peut se voir \u00e9galement lors de fr\u00e9quentes coupures de courant, en regardant le panorama de Pyongyang le soir o\u00f9 tr\u00e8s peu de lumi\u00e8res sont allum\u00e9es ou encore en constatant que le chauffage n\u2019est accessible qu\u2019\u00e0 un nombre tr\u00e8s restreint de personnes malgr\u00e9 le froid ambiant. Photos ci-dessous de \u00ab\u00a0Pyongyang by night\u00a0\u00bb. L\u2019exemple de l\u2019homme se chargeant d\u2019\u00e9teindre la lumi\u00e8re la piste de bowling d\u00e8s qu\u2019un joueur s\u2019absentait plus de 10 secondes a particuli\u00e8rement attir\u00e9 mon attention.<\/p>\n<p class=\"spip\" style=\"text-align: justify;\" align=\"justify\"><img decoding=\"async\" src=\"http:\/\/www.exploring-beyond.com\/wp-content\/uploads\/2017\/02\/lackenergie.jpg\" alt=\"\" align=\"middle\" \/><\/p>\n<p class=\"spip\" style=\"text-align: justify;\" align=\"justify\">Autre surprise, le nombre de voitures sur les routes. Certes, je ne m\u2019attendais pas \u00e0 voir beaucoup de voitures en Cor\u00e9e du Nord mais je fus tr\u00e8s surpris de voir que les routes (de qualit\u00e9 acceptable par ailleurs) sont absolument DESERTES. Sur le trajet Pyongyang-Kaesong (220 Kms), nous avons crois\u00e9 moins de 10 v\u00e9hicules, la moiti\u00e9 d\u2019entre eux \u00e9tant des bus. Une chose est s\u00fbre, la Coree du Nord n\u2019est pas le premier pays a bl\u00e2mer pour le r\u00e9chauffement climatique&#8230;<\/p>\n<p class=\"spip\" style=\"text-align: justify;\" align=\"justify\"><i class=\"spip\">Route entre Pyongyang et Kaesong<\/i><\/p>\n<p class=\"spip\" style=\"text-align: justify;\" align=\"justify\"><img decoding=\"async\" src=\"http:\/\/www.exploring-beyond.com\/wp-content\/uploads\/2017\/02\/routedeserte.jpg\" alt=\"\" align=\"middle\" \/><\/p>\n<p class=\"spip\" style=\"text-align: justify;\" align=\"justify\">M\u00eame si l\u2019auto-stop n\u2019est pas possible en Cor\u00e9e du Nord, je n\u2019ai pas pu r\u00e9sister \u00e0 la tentation de tenter l\u2019espace de quelques minutes (lors d\u2019un arr\u00eat momentan\u00e9 de notre bus) histoire de voir la reaction des locaux mais aucune voiture n\u2019est venu pendant que j\u2019attendais &#8230;<\/p>\n<p class=\"spip\" style=\"text-align: justify;\" align=\"justify\"><img decoding=\"async\" src=\"http:\/\/www.exploring-beyond.com\/wp-content\/uploads\/2017\/02\/stopcoree.jpg\" alt=\"\" align=\"middle\" \/><\/p>\n<p class=\"spip\" style=\"text-align: justify;\" align=\"justify\"><i class=\"spip\">A noter qu\u2019il n\u2019y a pas de publicit\u00e9 en Cor\u00e9e du Nord. J\u2019ai vu cependant 2 panneaux vantant les m\u00e9rites de la voiture fabriqu\u00e9e en Cor\u00e9e du Nord. Photo ci-dessous<\/i>.<\/p>\n<p class=\"spip\" style=\"text-align: justify;\" align=\"justify\"><img decoding=\"async\" src=\"http:\/\/www.exploring-beyond.com\/wp-content\/uploads\/2017\/02\/pubvoiture.jpg\" alt=\"\" align=\"middle\" \/><\/p>\n<p class=\"spip\" style=\"text-align: justify;\" align=\"justify\"><strong class=\"spip\">5) Accord sur l\u2019armement nucl\u00e9aire<\/strong><\/p>\n<p class=\"spip\" style=\"text-align: justify;\" align=\"justify\">C\u2019est depuis Pyongyang que j\u2019ai appris via la <i class=\"spip\">BBC World<\/i> (cha\u00eene accessible uniquement depuis l\u2019h\u00f4tel pour les touristes, interdite aux locaux) l\u2019accord entre les 6 parties stipulant un arr\u00eat des activit\u00e9s nucl\u00e9aires de la Cor\u00e9e du Nord. A la question \u00ab\u00a0<i class=\"spip\">Que pensez-vous de cet accord ?<\/i>\u00ab\u00a0, la guide junior me repond du tac au tac \u00ab\u00a0<i class=\"spip\">c\u2019est bien, mais je doute que les Etats-Unis respecteront leur accord, comme d\u2019habitude !<\/i>\u00ab\u00a0&#8230;<\/p>\n<p class=\"spip\" style=\"text-align: justify;\" align=\"justify\">Cet accord est certes une avanc\u00e9e importante mais ne \u00ab\u00a0d\u00e9nucl\u00e9arise\u00a0\u00bb pas pour autant la Cor\u00e9e du Nord qui garde les missiles deja fabriqu\u00e9s. \u00ab\u00a0<i class=\"spip\">Nous ne souhaitons attaquer personne, souhaitons la paix et ces armes ne sont qu\u2019un moyen de dissuader et de se d\u00e9fendre contre l\u2019envahisseur Americain<\/i>\u00a0\u00bb me dira le guide.<\/p>\n<p class=\"spip\" style=\"text-align: justify;\" align=\"justify\">Avant de vous quitter, quelques photos de livres traduits en Anglais accessibles en Cor\u00e9e du Nord. J\u2019en ai achet\u00e9 2 d\u2019entre eux histoire de pouvoir lire un autre point de vue sur l\u2019histoire de la guerre de Cor\u00e9e&#8230;Toujours une bonne chose d\u2019avoir plusieurs sons de cloche&#8230;<\/p>\n<p class=\"spip\" style=\"text-align: justify;\" align=\"justify\"><img decoding=\"async\" src=\"http:\/\/www.exploring-beyond.com\/wp-content\/uploads\/2017\/02\/booksantiUS.jpg\" alt=\"\" align=\"middle\" \/><\/p>\n<p class=\"spip\" style=\"text-align: justify;\" align=\"justify\">J\u2019esp\u00e8re que cette newsletter n\u2019etait pas trop longue.<\/p>\n<p class=\"spip\" style=\"text-align: justify;\" align=\"justify\">A bient\u00f4t.<\/p>\n<p class=\"spip\" style=\"text-align: justify;\" align=\"justify\">Ludo<\/p>\n","protected":false},"excerpt":{"rendered":"<p>Bonjour \u00e0 tous, La d\u00e9cision fut tr\u00e8s difficile \u00e0 prendre. Est-ce une bonne id\u00e9e d\u2019aller en Cor\u00e9e du Nord ? La premi\u00e8re raison de ce questionnement est d\u2019ordre \u00e9thique. Est-il raisonnable de se rendre dans le dernier pays Stalinien au monde, ce pays contr\u00f4l\u00e9 d\u2019une main de fer par un terrible dictateur ne laissant pas [&hellip;]<\/p>\n","protected":false},"author":1,"featured_media":10701,"comment_status":"open","ping_status":"open","sticky":false,"template":"","format":"standard","meta":{"footnotes":""},"categories":[200,89,125],"tags":[],"class_list":["post-10700","post","type-post","status-publish","format-standard","has-post-thumbnail","hentry","category-coree-du-nord","category-tourdumondeenstop","category-tous-les-articles-tourdumonde"],"_links":{"self":[{"href":"https:\/\/exploring-beyond.com\/index.php?rest_route=\/wp\/v2\/posts\/10700","targetHints":{"allow":["GET"]}}],"collection":[{"href":"https:\/\/exploring-beyond.com\/index.php?rest_route=\/wp\/v2\/posts"}],"about":[{"href":"https:\/\/exploring-beyond.com\/index.php?rest_route=\/wp\/v2\/types\/post"}],"author":[{"embeddable":true,"href":"https:\/\/exploring-beyond.com\/index.php?rest_route=\/wp\/v2\/users\/1"}],"replies":[{"embeddable":true,"href":"https:\/\/exploring-beyond.com\/index.php?rest_route=%2Fwp%2Fv2%2Fcomments&post=10700"}],"version-history":[{"count":3,"href":"https:\/\/exploring-beyond.com\/index.php?rest_route=\/wp\/v2\/posts\/10700\/revisions"}],"predecessor-version":[{"id":12834,"href":"https:\/\/exploring-beyond.com\/index.php?rest_route=\/wp\/v2\/posts\/10700\/revisions\/12834"}],"wp:featuredmedia":[{"embeddable":true,"href":"https:\/\/exploring-beyond.com\/index.php?rest_route=\/wp\/v2\/media\/10701"}],"wp:attachment":[{"href":"https:\/\/exploring-beyond.com\/index.php?rest_route=%2Fwp%2Fv2%2Fmedia&parent=10700"}],"wp:term":[{"taxonomy":"category","embeddable":true,"href":"https:\/\/exploring-beyond.com\/index.php?rest_route=%2Fwp%2Fv2%2Fcategories&post=10700"},{"taxonomy":"post_tag","embeddable":true,"href":"https:\/\/exploring-beyond.com\/index.php?rest_route=%2Fwp%2Fv2%2Ftags&post=10700"}],"curies":[{"name":"wp","href":"https:\/\/api.w.org\/{rel}","templated":true}]}}