{"id":10356,"date":"2017-02-20T00:47:47","date_gmt":"2017-02-19T23:47:47","guid":{"rendered":"http:\/\/www.exploring-beyond.com\/?p=10356"},"modified":"2019-05-18T21:25:31","modified_gmt":"2019-05-18T19:25:31","slug":"07-conferences-les-plus-marquantes","status":"publish","type":"post","link":"https:\/\/exploring-beyond.com\/?p=10356","title":{"rendered":"07. Conf\u00e9rences les plus marquantes"},"content":{"rendered":"<p class=\"spip\" align=\"justify\">Durant mes 5 ann\u00e9es de tour du monde en stop, j\u2019ai eu la chance de pouvoir partager mon aventure avec de nombreuses personnes via les m\u00e9dias certes mais surtout via environ 300 conf\u00e9rences donn\u00e9es aux 4 coins du monde.<\/p>\n<p class=\"spip\" style=\"text-align: justify;\" align=\"justify\">L\u2019objectif de ces conf\u00e9rences d\u00e9pendait grandement du public que j\u2019avais en face de moi. Durant ma tourn\u00e9e de conf\u00e9rences d\u2019un an aux Etats-Unis et Canada, mon objectif principal \u00e9tait de partager mon aventure mais surtout de faire passer des messages me paraissant importants touchant au r\u00e9chauffement global et \u00e0 la pauvret\u00e9 dans le monde. Bien entendu, on ne s\u2019adresse pas de la m\u00eame mani\u00e8re \u00e0 un enfant de 5 ans et \u00e0 un adulte d\u2019une soixantaine d\u2019ann\u00e9es. Adapter le discours fut donc primordial tout au long de mon parcours.<\/p>\n<p class=\"spip\" style=\"text-align: justify;\" align=\"justify\">Ci-dessous, je tiens \u00e0 partager quelques une des conf\u00e9rences qui m\u2019ont le plus marqu\u00e9 durant ces 5 ans de tour du monde. Ces conf\u00e9rences sont class\u00e9es par ordre chronologique.<\/p>\n<h3 class=\"spip\" style=\"text-align: justify;\">1) Dakar, S\u00e9n\u00e9gal &#8211; Mars 2003\u00a0: \u00ab\u00a0La premi\u00e8re\u00a0\u00bb<\/h3>\n<p class=\"spip\" style=\"text-align: justify;\" align=\"justify\">Avant de partir pour mon tour du monde en stop, l\u2019id\u00e9e de donner des conf\u00e9rences ne m\u2019avait m\u00eame pas effleur\u00e9 l\u2019esprit. Apr\u00e8s quelques 3 mois de voyage et gr\u00e2ce \u00e0 une correspondance avec une jeune \u00e9tudiante Dakaroise (merci Le\u00efla), le ly\u00e7\u00e9e Fran\u00e7ais de Dakar au S\u00e9negal m\u2019avait donn\u00e9 l\u2019opportunit\u00e9 de partager mon parcours avec des jeunes \u00e9tudiants d\u2019une classe de 3\u00e8me. Cette conf\u00e9rence fut ma toute premi\u00e8re. Bien entendu, ce jour l\u00e0, je n\u2019avais aucune pr\u00e9sentation d\u2019aucune sorte, quasiment aucune photo \u00e0 montrer et quasiment aucune histoire \u00e0 raconter&#8230;seule la volont\u00e9 de r\u00e9aliser mon r\u00eave \u00e0 partager. Je fus quelque peu nerveux au d\u00e9but de cette intervention mais les questions des \u00e9tudiants m\u2019ont vite permis d\u2019\u00eatre plus \u00e0 l\u2019aise.<\/p>\n<h3 class=\"spip\" style=\"text-align: justify;\">2) Inka Samana, Saraguro, Equateur &#8211; F\u00e9vrier 2004<\/h3>\n<p class=\"spip\" style=\"text-align: justify;\" align=\"justify\">La visite dans l\u2019\u00e9cole d\u2019Inka Samana dans la communaut\u00e9 Inca de Saraguro fut l\u2019une des visites qui m\u2019a le plus marqu\u00e9 durant mes 5 ann\u00e9es d\u2019errance. Plus de d\u00e9tails sur cette visite en cliquant <a class=\"spip_out\" href=\"http:\/\/www.sekoyamag.com\/nouveausite\/SPIP\/breve.php3?id_breve=115\">ici<\/a>. Une \u00e9cole vraiment pas comme les autres.<\/p>\n<p class=\"spip\" style=\"text-align: justify;\" align=\"justify\">Photos ci-dessous prises lors de ma pr\u00e9sentation aux \u00e9tudiants\u00a0:<\/p>\n<p><img decoding=\"async\" src=\"http:\/\/lemondeenstop.com\/wp-content\/uploads\/2011\/07\/conferencesinkasamana.jpg\" alt=\"\" \/><\/p>\n<h3 class=\"spip\" style=\"text-align: justify;\">3) Quito, Equateur &#8211; F\u00e9vrier 2004\u00a0: \u00ab\u00a0Le d\u00e9clic\u00a0\u00bb<\/h3>\n<p class=\"spip\" style=\"text-align: justify;\" align=\"justify\">En f\u00e9vrier 2004, cela fait plus d\u2019un an que j\u2019ai quitt\u00e9 mes terres Fran\u00e7aises. Ma travers\u00e9e du Sahara, de l\u2019Atlantique en bateau-stop et surtout mon s\u00e9jour en Antarctique en brise-glace stop font que j\u2019ai davantage d\u2019histoires \u00e0 raconter. Une amie travaillant dans un lyc\u00e9e de la capitale Equatorienne Quito me dit alors \u00ab\u00a0<i class=\"spip\">Ca te dirait de partager ton parcours et de faire passer quelques messages \u00e0 mes \u00e9tudiants\u00a0?<\/i>\u00a0\u00bb. Sans aucune h\u00e9sitation, j\u2019accepte cette proposition. Ce n\u2019est finalement pas une mais quatre conf\u00e9rences que je vais donner \u00e0 diverses classes de ce lyc\u00e9e. Les \u00e9tudiants semblent int\u00e9ress\u00e9s et posent de nombreuses questions. Je n\u2019ai \u00e0 ce moment l\u00e0 toujours pas de pr\u00e9sentation structur\u00e9e, mes conf\u00e9rences partent un peu dans tous les sens, mais je suis tout de m\u00eame en mesure d\u2019exposer mes motivations pour ce tour du monde et de faire passer des messages notamment par rapport au r\u00e9chauffement global.<\/p>\n<p class=\"spip\" style=\"text-align: justify;\" align=\"justify\">Ces quelques conf\u00e9rences donn\u00e9es dans ce lyc\u00e9e me serviront de d\u00e9clic. Je me rends compte \u00e0 ce moment que les \u00e9tudiants prennent plaisir \u00e0 \u00e9couter mes aventures, que mon aventure me permet de faire passer des messages me paraissant importants et que moi-m\u00eame, je prends un grand plaisir \u00e0 partager mon parcours. Je me dis alors \u00ab\u00a0<i class=\"spip\">je vais bient\u00f4t arriver aux Etats-Unis. Je vais prendre un an de ma vie pour faire une tourn\u00e9e de conf\u00e9rences et parler dans des \u00e9coles, universit\u00e9s, alliances Fran\u00e7aises, Rotary clubs, etc.). Mon tour du monde ne durera pas 2 ans comme pr\u00e9vu mais 5 ans<\/i>\u00a0\u00bb. Cette prise de conscience et d\u00e9cision va changer la face de mon tour du monde.<\/p>\n<p class=\"spip\" style=\"text-align: justify;\" align=\"justify\">Photos prises lors de ces conf\u00e9rences dans ce coll\u00e8ge de Quito en Equateur\u00a0:<\/p>\n<p><img decoding=\"async\" src=\"http:\/\/lemondeenstop.com\/wp-content\/uploads\/2011\/07\/ledeclic.jpg\" alt=\"\" \/><\/p>\n<h3 class=\"spip\" style=\"text-align: justify;\">4) Nandaime, Nicaragua &#8211; Avril 2004<\/h3>\n<p class=\"spip\" style=\"text-align: justify;\" align=\"justify\">Avant d\u2019arriver aux Etats-Unis afin de d\u00e9buter ma tourn\u00e9e de conf\u00e9rences, il me faut traverser toute l\u2019Am\u00e9rique Centrale. Durant cette travers\u00e9e, je me fais inviter par \u00ab\u00a0<i class=\"spip\">vision mundial<\/i>\u00a0\u00bb (world vision), une immense ONG cherchant \u00e0 am\u00e9liorer les conditions de vie dans les r\u00e9gions d\u00e9favoris\u00e9es. Ce jour-ci, le responsable de la r\u00e9gion de Nandaime, qui avait organis\u00e9 une journ\u00e9e sp\u00e9ciale \u00ab\u00a0<i class=\"spip\">f\u00eate des m\u00e8res<\/i>\u00a0\u00bb pour les agriculteurs de la r\u00e9gion souhaite que je vienne donner une conf\u00e9rence. Il me laissera parler pendant une vingtaine de minutes puis se servira de mon aventure pour motiver ces agriculteurs \u00e0 avoir une vision et des objectifs \u00e0 court, moyen et long terme.<\/p>\n<p class=\"spip\" style=\"text-align: justify;\" align=\"justify\">Cette conf\u00e9rence fut ma premi\u00e8re hors du cadre scolaire. Plus que la conf\u00e9rence elle-m\u00eame, je fus particuli\u00e8rement impressionn\u00e9 par la mani\u00e8re dont le responsable de \u00ab\u00a0vision mundial\u00a0\u00bb a utilis\u00e9 mon aventure comme source de motivation pour ses \u00ab\u00a0prot\u00e9g\u00e9s\u00a0\u00bb avec qui il travaille depuis plusieurs ann\u00e9es. Un grand moment.<\/p>\n<p class=\"spip\" style=\"text-align: justify;\" align=\"justify\">La photo ci-dessous montre la fin de la conf\u00e9rence qui s\u2019est ponctu\u00e9e par une pri\u00e8re de tous les agriculteurs me souhaitant bon courage pour la suite de mon parcours. Moment \u00e9mouvant.<\/p>\n<p><img decoding=\"async\" src=\"http:\/\/lemondeenstop.com\/wp-content\/uploads\/2011\/07\/confnandaime.jpg\" alt=\"\" \/><\/p>\n<h3 class=\"spip\" style=\"text-align: justify;\">5) Tourn\u00e9e de conf\u00e9rences Etats-Unis &amp; Canada<\/h3>\n<p class=\"spip\" style=\"text-align: justify;\" align=\"justify\">Comme expliqu\u00e9 pr\u00e9c\u00e9demment, c\u2019est en Equateur que fut prise ma d\u00e9cision de prolonger mon tour du monde de 2 ans \u00e0 5 ans. Avant d\u2019arriver aux Etats-Unis, un pays que je connais bien pour y avoir habit\u00e9 1 an et demi en 2000\/2001, j\u2019avais demand\u00e9 \u00e0 John, un excellent ami habitant \u00e0 Houston au Texas si je pouvais rester 1 mois chez lui. Il a accept\u00e9 et pendant 1 mois, j\u2019ai pr\u00e9par\u00e9 cette tourn\u00e9e de conf\u00e9rences qui avait 3 objectifs principaux\u00a0: 1) Partager mon tour du monde en stop, 2) Faire passer des messages par rapport au r\u00e9chauffement de la plan\u00e8te et de la pauvret\u00e9 dans le monde et 3) Gagner un peu d\u2019argent de fa\u00e7on \u00e0 financer la suite de mon parcours.<\/p>\n<p class=\"spip\" style=\"text-align: justify;\" align=\"justify\">Pendant ce mois pass\u00e9 \u00e0 Houston, j\u2019ai achet\u00e9 un ordinateur portable, ai travaill\u00e9 sur une pr\u00e9sentation Power point de fa\u00e7on \u00e0 avoir une pr\u00e9sentation plus structur\u00e9e, ai travaill\u00e9 sur un document PDF expliquant en d\u00e9tail mon parcours et mes conf\u00e9rences (disponible en cliquant sur le lien suivant\u00a0: ) et ai envoy\u00e9 un email avant ce document \u00e0 des milliers d\u2019\u00e9coles, d\u2019universit\u00e9s, d\u2019alliances Fran\u00e7aises, de biblioth\u00e8ques, de Rotary clubs, etc. J\u2019ai ensuite re\u00e7u un certain nombre de r\u00e9ponses et ai organis\u00e9 mon planning de fa\u00e7on \u00e0 donner une centaine de conf\u00e9rences \u00e0 travers les 2 pays. Ci-dessous, deux photos prises dans la ville de Cortland dans l\u2019Etat de New-York.<\/p>\n<p><img decoding=\"async\" src=\"http:\/\/lemondeenstop.com\/wp-content\/uploads\/2011\/07\/confus.jpg\" alt=\"\" \/><\/p>\n<p class=\"spip\" style=\"text-align: justify;\" align=\"justify\">Cette tourn\u00e9e de conf\u00e9rences a rempli ses objectifs. J\u2019ai eu la chance de partager mon parcours avec pr\u00e8s de 15.000 personnes, surtout dans des \u00e9coles. J\u2019ai \u00e9galement pu r\u00e9colter un peu d\u2019argent me permettant de continuer de financer mon tour du monde.<\/p>\n<p class=\"spip\" style=\"text-align: justify;\" align=\"justify\">Ci-dessous, une photo prise lors de l\u2019une de ces conf\u00e9rences. C\u2019\u00e9tait dans une \u00e9cole pour handicap\u00e9s \u00e0 Chicago. Un tour du monde, \u00e7a m\u00e8ne \u00e0 toutes sortes de conf\u00e9rences.<\/p>\n<p><img decoding=\"async\" src=\"http:\/\/lemondeenstop.com\/wp-content\/uploads\/2011\/07\/590041813205_0_alb.jpg\" alt=\"\" \/><\/p>\n<h3 class=\"spip\" style=\"text-align: justify;\">6) Canberra, Australie &#8211; 12 mars 2006\u00a0: \u00ab\u00a0La plus grande\u00a0\u00bb<\/h3>\n<p class=\"spip\" style=\"text-align: justify;\" align=\"justify\">Content de ma tourn\u00e9e de conf\u00e9rences Am\u00e9ricaine, je d\u00e9cide de retenter l\u2019exp\u00e9rience et d\u2019envoyer de nombreux emails en Australie pour une nouvelle tourn\u00e9e de conf\u00e9rences de 5 mois. Durant cette tourn\u00e9e, j\u2019ai eu la chance de partager mon parcours lors d\u2019une grande conf\u00e9rence de district du Rotary club. Il y avait ce jour-l\u00e0 1200 personnes et cette conf\u00e9rence restera comme la plus importante de mon tour du monde.<\/p>\n<p><img decoding=\"async\" src=\"http:\/\/lemondeenstop.com\/wp-content\/uploads\/2011\/07\/laplusgrande.jpg\" alt=\"\" \/><\/p>\n<p class=\"spip\" style=\"text-align: justify;\" align=\"justify\">Toujours en Australie, j\u2019ai eu la possibilit\u00e9 de passer une dizaine de jours dans une communaut\u00e9 aborig\u00e8ne. Partager mon tour du monde avec des jeunes ne connaissant pas grand-chose au monde ext\u00e9rieur fut une excellente exp\u00e9rience.<\/p>\n<p><img loading=\"lazy\" decoding=\"async\" src=\"http:\/\/lemondeenstop.com\/wp-content\/uploads\/2011\/07\/compilclasseaborigene.jpg\" alt=\"\" width=\"1013\" height=\"422\" \/><\/p>\n<p class=\"spip\" style=\"text-align: justify;\" align=\"justify\">Ci-dessous, quelques autres photos prises lors de conf\u00e9rences donn\u00e9es dans des \u00e9coles en Australie.<\/p>\n<p><img decoding=\"async\" src=\"http:\/\/lemondeenstop.com\/wp-content\/uploads\/2011\/07\/dulwich2.jpg\" alt=\"\" \/><\/p>\n<h3 class=\"spip\" style=\"text-align: justify;\">7) Medan, Indon\u00e9sie &#8211; Septembre 2006\u00a0: \u00ab\u00a01\u00e8re \u00e9cole Islamique\u00a0\u00bb<\/h3>\n<p class=\"spip\" style=\"text-align: justify;\" align=\"justify\">Si les conf\u00e9rences \u00e9taient de temps en temps r\u00e9mun\u00e9r\u00e9es dans les pays occidentaux, cela ne sera plus le cas \u00e0 partir de mon arriv\u00e9e en Asie.<\/p>\n<p class=\"spip\" style=\"text-align: justify;\" align=\"justify\">Mon premier pays Asiatique fut l\u2019Indon\u00e9sie, un pays compos\u00e9 \u00e0 88% de musulmans. Lors de mon s\u00e9jour \u00e0 Medan sur l\u2019\u00eele de Sumatra, je me retrouve en face de quelques 200 demoiselles, le foulard islamique sur la t\u00eate. Cette conf\u00e9rence fut particuli\u00e8rement int\u00e9ressante car elle permit un dialogue, qui me para\u00eet tr\u00e8s important, entre le monde occidental et le monde musulman. Lors de cette conf\u00e9rence, il me fallut r\u00e9pondre aux questions suivantes\u00a0: \u00ab\u00a0<i class=\"spip\">Est-il vrai qu\u2019il y a une peur grandissante de l\u2019Islam en Europe\u00a0?\u00a0\u00bb, \u00ab\u00a0Pouvez-vous nous expliquer pourquoi le voile islamique n\u2019est plus autoris\u00e9 dans les \u00e9coles Fran\u00e7aises\u00a0?\u00a0\u00bb, \u00ab\u00a0Si je viens en France et je porte le voile, est-ce que je serais en s\u00e9curit\u00e9\u00a0? les gens me regarderont-ils avec un oeil m\u00e9fiant\u00a0?\u00a0\u00bb, \u00ab\u00a0Comment se passe la cohabitation entre l\u2019Islam et le Christinanisme en Europe\u00a0\u00bb, \u00ab\u00a0Est-il vrai que si je viens en Europe ou aux Etats-Unis, il sera plus difficile pour moi de trouver un travail simplement parce que mon nom est de consonnance arabe et parce que je porte le voile\u00a0?\u00a0\u00bb, \u00ab\u00a0Pourquoi le pape a t-il r\u00e9cemment tenu des propos contre l\u2019Islam\u00a0? Que pensez-vous de la situation au Moyen-Orient, pensez-vous vous y rendre\u00a0?\u00a0\u00bb<\/i>&#8230;Des questions int\u00e9ressantes refl\u00e9tant une volont\u00e9 de comprendre les \u00e9volutions du monde et se faire du id\u00e9e de comment l\u2019Islam est per\u00e7u dans d\u2019autres r\u00e9gions du monde&#8230; Donner des r\u00e9ponses sans heurter la sensibilit\u00e9 de qui que ce soit fut un d\u00e9fi mais fut tr\u00e8s int\u00e9ressant pour tout le monde.<\/p>\n<p><img loading=\"lazy\" decoding=\"async\" src=\"http:\/\/lemondeenstop.com\/wp-content\/uploads\/2011\/07\/compilconfislam.jpg\" alt=\"\" width=\"567\" height=\"413\" \/><\/p>\n<p class=\"spip\" style=\"text-align: justify;\" align=\"justify\">Apr\u00e8s mon s\u00e9jour \u00e0 Medan, je me suis rendu pendant 3 semaines dans la r\u00e9gion d\u2019Aceh, une r\u00e9gion tr\u00e8s durement touch\u00e9e par le Tsunami du 26 d\u00e9cembre 2004. Lors de mon s\u00e9jour dans cette r\u00e9gion, je logeais dans une ONG. J\u2019avais alors demand\u00e9 \u00ab\u00a0<i class=\"spip\">comment puis-je vous aider\u00a0?<\/i>\u00a0\u00bb et la r\u00e9ponse qui m\u2019avait \u00e9t\u00e9 donn\u00e9 \u00e9tait \u00ab\u00a0<i class=\"spip\">La meilleure fa\u00e7on de nous aider est d\u2019aller d\u2019une \u00e9cole \u00e0 l\u2019autre partager ton parcours et parler du monde aux enfants<\/i>\u00a0\u00bb. Ainsi, durant 3 semaines, j\u2019ai accumul\u00e9 les rencontres avec les enfants de la r\u00e9gion. Ces conf\u00e9rences se transformaient parfois en cours d\u2019Anglais, de g\u00e9ographie ou m\u00eame d\u2019informatique (explication de ce qu\u2019est Internet).Ci-dessous, quelques photos.<\/p>\n<p><img decoding=\"async\" src=\"http:\/\/dev.ludovichubler.com\/wp-content\/uploads\/parents disparus.jpg\" alt=\"\" \/><\/p>\n<p class=\"spip\" style=\"text-align: justify;\" align=\"justify\">&#8230;et d\u2019autres dans\u00a0des \u00e9coles\u00a0de Djakarta o\u00f9 mes conf\u00e9rences se transformaient parfois en cours de langue ou de chant :<\/p>\n<p><img decoding=\"async\" src=\"http:\/\/lemondeenstop.com\/wp-content\/uploads\/2011\/07\/cadeau.jpg\" alt=\"\" \/><\/p>\n<p><img decoding=\"async\" src=\"http:\/\/lemondeenstop.com\/wp-content\/uploads\/2011\/07\/chansons.jpg\" alt=\"\" \/><\/p>\n<p><img decoding=\"async\" src=\"http:\/\/lemondeenstop.com\/wp-content\/uploads\/2011\/07\/coursanglais.jpg\" alt=\"\" \/><\/p>\n<p><img decoding=\"async\" src=\"http:\/\/lemondeenstop.com\/wp-content\/uploads\/2011\/07\/coursgeo.jpg\" alt=\"\" \/><\/p>\n<p class=\"spip\" style=\"text-align: justify;\" align=\"justify\">Une photo avec le pouce en l\u2019air&#8230;<\/p>\n<p><img decoding=\"async\" src=\"http:\/\/lemondeenstop.com\/wp-content\/uploads\/2011\/07\/confalaraafat.jpg\" alt=\"\" \/><\/p>\n<h3 class=\"spip\" style=\"text-align: justify;\">8) Association PSE (Pour un sourire d\u2019enfant) &#8211; Phnom Penh, Cambodge &#8211; Novembre 2006<\/h3>\n<p class=\"spip\" style=\"text-align: justify;\" align=\"justify\">Des ONG, j\u2019en ai rencontr\u00e9 quelques unes pendant mon tour du monde. Cependant, l\u2019une de mes favorites restera PSE, une organisation s\u2019occupant de plusieurs centaines de jeunes ayant grandi dans la d\u00e9charge de Phnom Penh, la plus grande d\u2019Asie du Sud-Est. Partager mon aventure avec ces jeunes fut un moment particuli\u00e8rement int\u00e9ressant. Photo ci-dessous.<\/p>\n<p><img decoding=\"async\" src=\"http:\/\/lemondeenstop.com\/wp-content\/uploads\/2011\/07\/confpse.jpg\" alt=\"\" \/><\/p>\n<p class=\"spip\" style=\"text-align: justify;\" align=\"justify\">Dans le m\u00eame pays, je m\u2019\u00e9tais \u00e9galement rendu \u00e0 Reaksmey, dans l\u2019int\u00e9rieur du pays, l\u2019\u00e9cole sponsoris\u00e9e par Nicholas Negroponte, le directeur de l\u2019ambitieux mais extraordinaire projet \u00ab\u00a0OLPC\u00a0\u00bb (One laptop per child) visant \u00e0 permettre \u00e0 tous les enfants \u00e9tudiants dans les pays en voie de d\u00e9veloppment d\u2019avoir acc\u00e8s \u00e0 l\u2019outil informatique. Durant cette visite, j\u2019avais \u00e9galement eu le plaisir de faire voyager un certain nombre de ces enfants.<\/p>\n<p><img decoding=\"async\" src=\"http:\/\/lemondeenstop.com\/wp-content\/uploads\/2011\/07\/presentationaventureolpc.jpg\" alt=\"\" \/><\/p>\n<h3 class=\"spip\" style=\"text-align: justify;\">9) Hoi an, Vi\u00eat-Nam &#8211; D\u00e9cembre 2006\u00a0: \u00ab\u00a01\u00e8re \u00e9cole communiste\u00a0\u00bb<\/h3>\n<p class=\"spip\" style=\"text-align: justify;\" align=\"justify\">Durant mon s\u00e9jour au Vi\u00eat-nam, j\u2019ai eu le plaisir de partager mon tour du monde dans plusieurs \u00e9coles publiques o\u00f9 l\u2019enseignement est traditionnel \u00e0 l\u2019id\u00e9ologie communiste. Ci-dessous, une photo prise lors de l\u2019une de ces conf\u00e9rences.<\/p>\n<p><img decoding=\"async\" src=\"http:\/\/lemondeenstop.com\/wp-content\/uploads\/2011\/07\/confecoleprimairehoian.jpg\" alt=\"\" \/><\/p>\n<p class=\"spip\" style=\"text-align: justify;\" align=\"justify\">Dans les hauteurs du pays, j\u2019avais eu l\u2019occasion de parler du monde \u00e0 des communaut\u00e9s Hmong. Photo ci-dessous.<\/p>\n<p><img decoding=\"async\" src=\"http:\/\/lemondeenstop.com\/wp-content\/uploads\/2011\/07\/dsc01392.jpg\" alt=\"\" \/><\/p>\n<h3 class=\"spip\" style=\"text-align: justify;\">10) Tourn\u00e9e Chinoise &#8211; Janvier 2007 &#8211; Mars 2007<\/h3>\n<p class=\"spip\" style=\"text-align: justify;\" align=\"justify\">Ma tourn\u00e9e de la Chine fut des plus int\u00e9ressantes et m\u2019a permis de me rendre compte \u00e0 quel point ce pays se d\u00e9veloppe \u00e0 une vitesse astronomique. Ce d\u00e9veloppement va malheureusement de pair avec la destruction de l\u2019environnement, qui ne constitue pas une priorit\u00e9 pour le gouvernement de Beijing. Pendant ma tourn\u00e9e, j\u2019ai donc ax\u00e9 la deuxi\u00e8me partie de ma conf\u00e9rence sur le r\u00e9chauffement climatique afin de sensibiliser les jeunes \u00e9tudiants Chinois aux challenges environnementaux. Quelques photos ci-dessous.<\/p>\n<p><img decoding=\"async\" src=\"http:\/\/lemondeenstop.com\/wp-content\/uploads\/2011\/07\/explicationglobalwarningchine.jpg\" alt=\"\" \/><\/p>\n<p class=\"spip\" style=\"text-align: justify;\" align=\"justify\">Ci-dessous, photo prise dans une \u00e9cole internationale \u00e0 Beijing\u00a0:<\/p>\n<p class=\"spip\" style=\"text-align: justify;\" align=\"justify\"><img decoding=\"async\" src=\"http:\/\/africabois.free.fr\/breves\/USA\/dulwich2.JPG\" alt=\"\" align=\"middle\" \/><\/p>\n<h3 class=\"spip\" style=\"text-align: justify;\">11) Tourn\u00e9e Indienne &#8211; Mars 2007 &#8211; Octobre 2007<\/h3>\n<p class=\"spip\" style=\"text-align: justify;\" align=\"justify\">A l\u2019image de ma tourn\u00e9e Chinoise, j\u2019ai cherch\u00e9 \u00e0 profiter de ma tourn\u00e9e Indienne pour partager mon parcours mais surtout chercher \u00e0 sensibiliser les Indiens \u00e0 la cause environnementale. Quelques photos ci-dessous.<\/p>\n<p><img decoding=\"async\" src=\"http:\/\/lemondeenstop.com\/wp-content\/uploads\/2011\/07\/confsinde2.jpg\" alt=\"\" \/><\/p>\n<p class=\"spip\" style=\"text-align: justify;\" align=\"justify\">Lors de mon s\u00e9jour en Inde, j\u2019ai \u00e9galement eu quelques autres premi\u00e8res.<\/p>\n<p class=\"spip\" style=\"text-align: justify;\" align=\"justify\">Premi\u00e8re conf\u00e9rence dans un h\u00f4pital. Lors de cette journ\u00e9e, nous avions \u00e9galement fait un dialogue avec web-cam avec l\u2019h\u00f4pital de Strasbourg-Hautepierre.<\/p>\n<p><img decoding=\"async\" src=\"http:\/\/lemondeenstop.com\/wp-content\/uploads\/2011\/07\/lecturehospitalahmedabad.jpg\" alt=\"\" \/><\/p>\n<p class=\"spip\" style=\"text-align: justify;\" align=\"justify\">Premi\u00e8re conf\u00e9rence dans une entreprise. J\u2019aime dire que ce tour du monde en stop est une excellente \u00e9cole de p\u00e9rseverance, de patience, d\u2019attitude positive, de d\u00e9brouillardise, de capacit\u00e9 d\u2019adaptation, de tol\u00e9rance, d\u2019ouverture d\u2019esprit et de diplomatie. Lisant cette description dans un journal local, un directeur des ventes d\u2019une entreprise vendant des assurances vie me contacte et me dis que les qualit\u00e9s n\u00e9cessaires pour un \u00ab\u00a0globe-stoppeur\u00a0\u00bb sont les m\u00eames que celles n\u00e9cessaires pour un bon vendeur. Il me demande alors de venir parler \u00e0 son \u00e9quipe de vente et de faire du \u00ab\u00a0motivational speaking\u00a0\u00bb.<\/p>\n<p class=\"spip\" style=\"text-align: justify;\" align=\"justify\">Une bien belle experience sur laquelle je pourrais peut-\u00eatre me baser pour d\u2019autres conf\u00e9rences dans le futur\u00a0???<\/p>\n<p class=\"spip\" style=\"text-align: justify;\" align=\"justify\">Premi\u00e8re conf\u00e9rence pour des enfants vivant dans la rue et heberg\u00e9s par une ONG cherchant \u00e0 donner \u00e0 ces enfants un minimum d\u2019\u00e9ducation.<\/p>\n<p><img decoding=\"async\" src=\"http:\/\/lemondeenstop.com\/wp-content\/uploads\/2011\/07\/withstreetkids.jpg\" alt=\"\" \/><\/p>\n<p><img decoding=\"async\" src=\"http:\/\/lemondeenstop.com\/wp-content\/uploads\/2011\/07\/kidspraying.jpg\" alt=\"\" \/><\/p>\n<h3 class=\"spip\" style=\"text-align: justify;\">12) Mc Leod Ganj, India &#8211; Ecole Tib\u00e9taine &#8211; Septembre 2007<\/h3>\n<p class=\"spip\" style=\"text-align: justify;\" align=\"justify\">Juste avant ma rencontre avec le Dala\u00ef-lama, je me rends dans une des \u00e9coles Tibetaine de Mc Leod Ganj, situ\u00e9e juste \u00e0 c\u00f4t\u00e9 de Dharamsala. Outre ma pr\u00e9sentation traditionnelle, je tente de r\u00e9pondre \u00e0 de nombreuses questions qui me furent pos\u00e9es sur mon s\u00e9jour Tib\u00e9tain. \u00ab\u00a0<i class=\"spip\">Es tu all\u00e9 au Potala (ancien lieu de vie des Dala\u00ef-lama), peux-tu nous le d\u00e9crire s\u2019il te pla\u00eet\u00a0? Quel fut ton sentiment quand tu \u00e9tais l\u00e0-bas\u00a0?\u00a0\u00bb, \u00ab\u00a0Y a t-il plus de Chinois ou de Tib\u00e9tains \u00e0 Lhassa (capitale du Tibet)\u00a0?\u00a0\u00bb, \u00ab\u00a0As tu rencontr\u00e9 des Chinois sympathiques pendant ton s\u00e9jour en Chine\u00a0?\u00a0\u00bb, \u00ab\u00a0Est-ce qu\u2019il reste quelque chose de la culture Tib\u00e9taine au Tibet\u00a0?\u00a0\u00bb, \u00ab\u00a0Crois-tu qu\u2019on pourra un jour retourner dans notre pays\u00a0?\u00a0\u00bb, \u00ab\u00a0Crois-tu que la culture Tib\u00e9taine survivra\u00a0?\u00a0\u00bb, \u00ab\u00a0Que penses-tu de la situation actuelle\u00a0?\u00a0\u00bb&#8230;<\/i><\/p>\n<p class=\"spip\" style=\"text-align: justify;\" align=\"justify\">Apporter des r\u00e9ponses \u00e0 ces questions sans heurter la sensibilit\u00e9 de qui que ce soit fut un v\u00e9ritable d\u00e9fi, mais tr\u00e8s int\u00e9ressant. Ma position lorsque j\u2019ai r\u00e9pondu \u00e0 ces questions fut celle pr\u00f4n\u00e9e par le Dala\u00ef-lama, n\u2019encourageant aucune haine envers le peuple Chinois et expliquant que le probl\u00e8me est politique avant tout (bien entendu que le peuple Chinois a un r\u00f4le \u00e0 jouer, mais expliquer cela \u00e0 des enfants de 12 ans n\u2019est pas toujours \u00e9vident). J\u2019ai cherch\u00e9 bien entendu \u00e0 faire preuve de compassion et \u00e0 leur laisser l\u2019espoir qu\u2019ils retrouveront leur terre un jour ou l\u2019autre, m\u00eame si aucun \u00e9v\u00e9nement r\u00e9cent ne me permet de justifier cette position&#8230;<\/p>\n<p class=\"spip\" style=\"text-align: justify;\" align=\"justify\">Photos ci-dessous\u00a0:<\/p>\n<p><img decoding=\"async\" src=\"http:\/\/lemondeenstop.com\/wp-content\/uploads\/2011\/07\/confecoletibet.jpg\" alt=\"\" \/><\/p>\n<h3 class=\"spip\" style=\"text-align: justify;\">13) Pakistan &#8211; Octobre 2007<\/h3>\n<p class=\"spip\" style=\"text-align: justify;\" align=\"justify\">Les relations entre le monde occidental et le monde musulman ne sont pas actuellement pas les meilleures. La meilleure fa\u00e7on de les am\u00e9liorer est \u00e0 mon avis de chercher \u00e0 mieux se conna\u00eetre et se comprendre les uns les autres. Cette compr\u00e9hension mutuelle passe par davantage de dialogue entre les individus des deux \u00ab\u00a0civilisations\u00a0\u00bb. Lors de mon s\u00e9jour Pakistanais, j\u2019ai cherch\u00e9 \u00e0 insister sur ce dialogue n\u00e9cessaire et sur le fait que les objectifs de tous les humains sur terre sont exactement les m\u00eames. Lors de ces conf\u00e9rences, il m\u2019a fallu r\u00e9pondre \u00e0 des questions du type \u00ab\u00a0<i class=\"spip\">Est-ce que c\u2019est vrai que les occidentaux associent toujours le Pakistan au terrorisme\u00a0?\u00a0\u00bb, \u00ab\u00a0Quel \u00e9tait ta vision du Pakistan avant de venir\u00a0?\u00a0\u00bb, \u00ab\u00a0A-t-elle chang\u00e9\u00a0?\u00a0\u00bb, \u00ab\u00a0Crois tu que nous soyons terroristes\u00a0?\u00a0\u00bb, \u00ab\u00a0N\u2019es tu pas d\u2019accord qu\u2019il y a des terroristes partout dans le monde\u00a0?\u00a0\u00bb, \u00ab\u00a0Pourquoi l\u2019occident n\u2019aime pas le monde Musulman\u00a0?\u00a0\u00bb,<\/i> etc.<\/p>\n<p><img decoding=\"async\" src=\"http:\/\/lemondeenstop.com\/wp-content\/uploads\/2011\/07\/conferences-terrorisme.jpg\" alt=\"\" \/><\/p>\n<h3 class=\"spip\" style=\"text-align: justify;\">14) Afghanistan &#8211; Octobre 2007<\/h3>\n<p class=\"spip\" style=\"text-align: justify;\" align=\"justify\">Lors de mon s\u00e9jour Afghan, j\u2019ai cherch\u00e9 \u00e0 rester \u00ab\u00a0low profile\u00a0\u00bb, ne partageant mon parcours avec aucun m\u00e9dia. Cependant, j\u2019ai tout de m\u00eame eu l\u2019opportunit\u00e9 de donner 5 conf\u00e9rences dans des \u00e9coles et universit\u00e9s. Parmi les plus marquantes, je soulignerai celle r\u00e9alis\u00e9e dans une \u00e9cole pour filles dans la r\u00e9gion de Kunduz, au nord de l\u2019Afghanistan. Jusqu\u2019\u00e0 2001, ces m\u00eames demoiselles n\u2019avaient pas le droit d\u2019\u00e9tudier \u00e0 cause des talibans\u00a0; par cons\u00e9quent, elles appr\u00e9cient doublement aujourd\u2019hui de se retrouver sur les bancs de l\u2019\u00e9cole. Bien entendu, aucune de ces filles ne parle Anglais et il me fallait donc un traducteur (qui lui m\u00eame avait un niveau tr\u00e8s limit\u00e9 mais mettait de la bonne volont\u00e9). Lors de cette conf\u00e9rence, j\u2019ai racont\u00e9 un peu mon tour du monde en stop, montrant mon diaporama, et j\u2019ai cherch\u00e9 \u00e0 avoir un \u00e9change avec les \u00e9tudiantes, qui n\u2019avaient certainement jamais eu l\u2019opportunit\u00e9 d\u2019interagir avec un \u00e9tranger pr\u00e9c\u00e9demment. Parmi les questions pos\u00e9es\u00a0: \u00ab\u00a0<i class=\"spip\">J\u2019aimerais \u00e9tudier l\u2019Anglais pour pouvoir communiquer avec des \u00e9trangers, o\u00f9 et comment puis-je apprendre\u00a0?\u00a0\u00bb.<\/i> Une autre question qui m\u2019a fait sourire fut \u00ab\u00a0<i class=\"spip\">Es-tu mari\u00e9\u00a0? Est-ce que ta famille t\u2019a d\u00e9j\u00e0 trouv\u00e9 une \u00e9pouse\u00a0?\u00a0\u00bb.<\/i> Il me fallait expliquer \u00e0 ce moment que le concept de mariage arrang\u00e9 n\u2019existe pas dans l\u2019occident, une chose surprenante pour elles, qui ne connaissent que cela. Autre question surprenante \u00ab\u00a0<i class=\"spip\">Es-tu all\u00e9 \u00e0 Kaboul\u00a0? Peux-tu nous d\u00e9crire comment est la ville\u00a0?\u00a0\u00bb<\/i> M\u00eame si la capitale ne se trouve qu\u2019\u00e0 5 heures de route, aucune de ces filles s\u2019y \u00e9tait jamais rendue. Photo ci-dessous (prendre des photos de face est th\u00e9oriquement interdit en Afghanistan).<\/p>\n<p><img loading=\"lazy\" decoding=\"async\" src=\"http:\/\/lemondeenstop.com\/wp-content\/uploads\/2011\/07\/conferencesafghanistanfilles.jpg\" alt=\"\" width=\"495\" height=\"315\" \/><\/p>\n<p class=\"spip\" style=\"text-align: justify;\" align=\"justify\">Une autre conf\u00e9rence int\u00e9ressante fut celle donn\u00e9e dans l\u2019universit\u00e9 internationale de Kaboul \u00e0 des \u00e9tudiants en MBA. Au terme de la conf\u00e9rence, une int\u00e9ressante discussion sur la pr\u00e9sence des troupes \u00e9trang\u00e8res en Afghanistan fut lanc\u00e9e. Lors de ces discussions, j\u2019essaie en g\u00e9n\u00e9ral de ne pas trop avancer mes opinions afin d\u2019\u00e9viter les probl\u00e8mes et d\u2019\u00e9viter heurter les sensibilit\u00e9s. Une photo ci-dessous prise \u00e0 l\u2019issue de cette conf\u00e9rence.<\/p>\n<p><img decoding=\"async\" src=\"http:\/\/lemondeenstop.com\/wp-content\/uploads\/2011\/07\/mbakaboul.jpg\" alt=\"\" \/><\/p>\n<h3 class=\"spip\" style=\"text-align: justify;\">15) Iran<\/h3>\n<p class=\"spip\" style=\"text-align: justify;\" align=\"justify\">L\u2019Iran est un pays fascinant et j\u2019ai pass\u00e9 un excellent moment dans ce pays. J\u2019ai cherch\u00e9 \u00e9galement \u00e0 donner de nombreuses conf\u00e9rences dans des \u00e9coles et universit\u00e9s. Les locaux recherchent souvent le contact avec les \u00e9trangers. Bien entendu, les questions politiques et relatives au d\u00e9veloppement de la technologie nucl\u00e9aire furent nombreuses mais j\u2019\u00e9vitais de trop m\u2019\u00e9taler dessus.<\/p>\n<p><img decoding=\"async\" src=\"http:\/\/lemondeenstop.com\/wp-content\/uploads\/2011\/07\/lecture3.jpg\" alt=\"\" \/><\/p>\n<p class=\"spip\" style=\"text-align: justify;\" align=\"justify\">A bient\u00f4t<\/p>\n","protected":false},"excerpt":{"rendered":"<p>Durant mes 5 ann\u00e9es de tour du monde en stop, j\u2019ai eu la chance de pouvoir partager mon aventure avec de nombreuses personnes via les m\u00e9dias certes mais surtout via environ 300 conf\u00e9rences donn\u00e9es aux 4 coins du monde. L\u2019objectif de ces conf\u00e9rences d\u00e9pendait grandement du public que j\u2019avais en face de moi. Durant ma [&hellip;]<\/p>\n","protected":false},"author":1,"featured_media":10357,"comment_status":"open","ping_status":"open","sticky":false,"template":"","format":"standard","meta":{"footnotes":""},"categories":[103,124,89],"tags":[],"class_list":["post-10356","post","type-post","status-publish","format-standard","has-post-thumbnail","hentry","category-conferences","category-best-of-tour-du-monde","category-tourdumondeenstop"],"_links":{"self":[{"href":"https:\/\/exploring-beyond.com\/index.php?rest_route=\/wp\/v2\/posts\/10356","targetHints":{"allow":["GET"]}}],"collection":[{"href":"https:\/\/exploring-beyond.com\/index.php?rest_route=\/wp\/v2\/posts"}],"about":[{"href":"https:\/\/exploring-beyond.com\/index.php?rest_route=\/wp\/v2\/types\/post"}],"author":[{"embeddable":true,"href":"https:\/\/exploring-beyond.com\/index.php?rest_route=\/wp\/v2\/users\/1"}],"replies":[{"embeddable":true,"href":"https:\/\/exploring-beyond.com\/index.php?rest_route=%2Fwp%2Fv2%2Fcomments&post=10356"}],"version-history":[{"count":1,"href":"https:\/\/exploring-beyond.com\/index.php?rest_route=\/wp\/v2\/posts\/10356\/revisions"}],"predecessor-version":[{"id":10359,"href":"https:\/\/exploring-beyond.com\/index.php?rest_route=\/wp\/v2\/posts\/10356\/revisions\/10359"}],"wp:featuredmedia":[{"embeddable":true,"href":"https:\/\/exploring-beyond.com\/index.php?rest_route=\/wp\/v2\/media\/10357"}],"wp:attachment":[{"href":"https:\/\/exploring-beyond.com\/index.php?rest_route=%2Fwp%2Fv2%2Fmedia&parent=10356"}],"wp:term":[{"taxonomy":"category","embeddable":true,"href":"https:\/\/exploring-beyond.com\/index.php?rest_route=%2Fwp%2Fv2%2Fcategories&post=10356"},{"taxonomy":"post_tag","embeddable":true,"href":"https:\/\/exploring-beyond.com\/index.php?rest_route=%2Fwp%2Fv2%2Ftags&post=10356"}],"curies":[{"name":"wp","href":"https:\/\/api.w.org\/{rel}","templated":true}]}}